{"id":4744,"date":"2025-06-26T15:14:40","date_gmt":"2025-06-26T15:14:40","guid":{"rendered":"https:\/\/elregionaldigital.info\/?p=4744"},"modified":"2025-06-27T15:15:37","modified_gmt":"2025-06-27T15:15:37","slug":"entrega-la-uat-nuevas-unidades-para-el-transporte-gratuito-de-sus-estudiantes","status":"publish","type":"post","link":"https:\/\/elregionaldigital.info\/?p=4744","title":{"rendered":"Entrega la UAT nuevas unidades para el transporte gratuito de sus estudiantes"},"content":{"rendered":"\n<p>26 de junio del 2025<\/p>\n\n\n\n<p><strong>&#8220;<\/strong>&nbsp;En cumplimiento de su compromiso con brindar una movilidad segura, moderna y accesible a la comunidad estudiantil, el rector de la Universidad Aut\u00f3noma de Tamaulipas (UAT), D\u00e1maso Anaya Alvarado puso en marcha la entrega de trece nuevas unidades de transporte que brindar\u00e1n servicio gratuito a sus estudiantes en las distintas sedes universitarias.&nbsp;<strong>&#8220;<\/strong><\/p>\n\n\n\n<p>\u200b<\/p>\n\n\n\n<p>Ciudad Victoria, Tam.; 26 de junio de 2025.<\/p>\n\n\n\n<p>Esta acci\u00f3n forma parte de una estrategia institucional para fortalecer la equidad y mejores condiciones en el acceso a la educaci\u00f3n, como as\u00ed lo manifest\u00f3 el rector D\u00e1maso Anaya durante su primer informe rectoral, en cuyo marco, y acompa\u00f1ado del gobernador Am\u00e9rico Villarreal Anaya, se llev\u00f3 a cabo la entrega oficial de estas unidades.<\/p>\n\n\n\n<p>Dichas unidades han sido asignadas a diversas dependencias acad\u00e9micas y administrativas de la Universidad, para apoyar a las y los estudiantes en sus actividades escolares con el servicio de transporte.<\/p>\n\n\n\n<p>La distribuci\u00f3n de las unidades de transporte dio inicio en este per\u00edodo de clases de verano, y est\u00e1n listas para operar en agosto con el comienzo del pr\u00f3ximo ciclo escolar, mediante rutas urbanas que facilitar\u00e1n el traslado seguro y sin costo de los estudiantes hacia sus respectivos planteles.<\/p>\n\n\n\n<p>La asignaci\u00f3n de las unidades de transporte se realiz\u00f3 con base en criterios de cobertura geogr\u00e1fica y demanda estudiantil, abarcando las tres zonas acad\u00e9micas de la UAT. En la Zona Centro se destin\u00f3 una unidad para la Facultad de Medicina Veterinaria y Zootecnia, una para la Facultad de Enfermer\u00eda Victoria, una para el Campus Victoria, y una m\u00e1s considerada para la Facultad de Ingenier\u00eda y Ciencias.<\/p>\n\n\n\n<p>En la Zona Norte, se destin\u00f3 una unidad para uso conjunto entre la Facultad de Medicina y la Unidad Acad\u00e9mica Multidisciplinaria Matamoros; una para la UAM Valle Hermoso; una para la UAM R\u00edo Bravo; y otra para atender de manera compartida a la UAM Reynosa Rodhe y la UAM Reynosa Aztl\u00e1n. En el municipio de Nuevo Laredo, se asign\u00f3 una unidad que dar\u00e1 servicio a la Facultad de Comercio, Administraci\u00f3n y Ciencias Sociales, la Facultad de Enfermer\u00eda y la Escuela Preparatoria UAT.<\/p>\n\n\n\n<p>En la Zona Sur, el Campus correspondiente recibi\u00f3 dos unidades para fortalecer la cobertura del servicio de traslado. Asimismo, se entreg\u00f3 una unidad a Familia UAT, en apoyo a las actividades de atenci\u00f3n en los centros infantiles universitarios, y una m\u00e1s a la Secretar\u00eda de Vinculaci\u00f3n, a fin de respaldar las acciones institucionales en materia de vinculaci\u00f3n acad\u00e9mica, social y comunitaria.<\/p>\n\n\n\n<p>Con estas acciones, la Universidad Aut\u00f3noma de Tamaulipas refuerza su compromiso con la equidad, la inclusi\u00f3n y el bienestar estudiantil, al dotar de infraestructura moderna y funcional a las dependencias universitarias, fortaleciendo el entorno educativo y abriendo mayores oportunidades para la formaci\u00f3n de las nuevas generaciones.<\/p>\n\n\n\n<p>\u200b&nbsp;<\/p>\n\n\n\n<figure class=\"wp-block-image\"><img decoding=\"async\" src=\"https:\/\/www.uat.edu.mx\/noticias\/PublishingImages\/2024\/05\/1%20(22).jpg\" alt=\"\"\/><\/figure>\n","protected":false},"excerpt":{"rendered":"<p>26 de junio del 2025 &#8220;&nbsp;En cumplimiento de su compromiso con brindar una movilidad segura, moderna y accesible a la comunidad estudiantil, el rector de la Universidad Aut\u00f3noma de Tamaulipas (UAT), D\u00e1maso Anaya Alvarado puso en marcha la entrega de trece nuevas unidades de transporte que brindar\u00e1n servicio gratuito a sus estudiantes en las distintas [&hellip;]<\/p>\n","protected":false},"author":1,"featured_media":4745,"comment_status":"open","ping_status":"open","sticky":false,"template":"","format":"standard","meta":{"footnotes":""},"categories":[4],"tags":[],"class_list":["post-4744","post","type-post","status-publish","format-standard","has-post-thumbnail","hentry","category-universidades"],"blog_post_layout_featured_media_urls":{"thumbnail":["https:\/\/elregionaldigital.info\/wp-content\/uploads\/2025\/06\/1-22-11-150x150.jpg",150,150,true],"full":["https:\/\/elregionaldigital.info\/wp-content\/uploads\/2025\/06\/1-22-11-scaled.jpg",2560,1707,false]},"categories_names":{"4":{"name":"Universidades","link":"https:\/\/elregionaldigital.info\/?cat=4"}},"tags_names":[],"comments_number":"0","wpmagazine_modules_lite_featured_media_urls":{"thumbnail":["https:\/\/elregionaldigital.info\/wp-content\/uploads\/2025\/06\/1-22-11-150x150.jpg",150,150,true],"cvmm-medium":["https:\/\/elregionaldigital.info\/wp-content\/uploads\/2025\/06\/1-22-11-300x300.jpg",300,300,true],"cvmm-medium-plus":["https:\/\/elregionaldigital.info\/wp-content\/uploads\/2025\/06\/1-22-11-305x207.jpg",305,207,true],"cvmm-portrait":["https:\/\/elregionaldigital.info\/wp-content\/uploads\/2025\/06\/1-22-11-400x600.jpg",400,600,true],"cvmm-medium-square":["https:\/\/elregionaldigital.info\/wp-content\/uploads\/2025\/06\/1-22-11-600x600.jpg",600,600,true],"cvmm-large":["https:\/\/elregionaldigital.info\/wp-content\/uploads\/2025\/06\/1-22-11-1024x1024.jpg",1024,1024,true],"cvmm-small":["https:\/\/elregionaldigital.info\/wp-content\/uploads\/2025\/06\/1-22-11-130x95.jpg",130,95,true],"full":["https:\/\/elregionaldigital.info\/wp-content\/uploads\/2025\/06\/1-22-11-scaled.jpg",2560,1707,false]},"_links":{"self":[{"href":"https:\/\/elregionaldigital.info\/index.php?rest_route=\/wp\/v2\/posts\/4744","targetHints":{"allow":["GET"]}}],"collection":[{"href":"https:\/\/elregionaldigital.info\/index.php?rest_route=\/wp\/v2\/posts"}],"about":[{"href":"https:\/\/elregionaldigital.info\/index.php?rest_route=\/wp\/v2\/types\/post"}],"author":[{"embeddable":true,"href":"https:\/\/elregionaldigital.info\/index.php?rest_route=\/wp\/v2\/users\/1"}],"replies":[{"embeddable":true,"href":"https:\/\/elregionaldigital.info\/index.php?rest_route=%2Fwp%2Fv2%2Fcomments&post=4744"}],"version-history":[{"count":1,"href":"https:\/\/elregionaldigital.info\/index.php?rest_route=\/wp\/v2\/posts\/4744\/revisions"}],"predecessor-version":[{"id":4746,"href":"https:\/\/elregionaldigital.info\/index.php?rest_route=\/wp\/v2\/posts\/4744\/revisions\/4746"}],"wp:featuredmedia":[{"embeddable":true,"href":"https:\/\/elregionaldigital.info\/index.php?rest_route=\/wp\/v2\/media\/4745"}],"wp:attachment":[{"href":"https:\/\/elregionaldigital.info\/index.php?rest_route=%2Fwp%2Fv2%2Fmedia&parent=4744"}],"wp:term":[{"taxonomy":"category","embeddable":true,"href":"https:\/\/elregionaldigital.info\/index.php?rest_route=%2Fwp%2Fv2%2Fcategories&post=4744"},{"taxonomy":"post_tag","embeddable":true,"href":"https:\/\/elregionaldigital.info\/index.php?rest_route=%2Fwp%2Fv2%2Ftags&post=4744"}],"curies":[{"name":"wp","href":"https:\/\/api.w.org\/{rel}","templated":true}]}}