{"id":4741,"date":"2025-06-24T15:35:51","date_gmt":"2025-06-24T15:35:51","guid":{"rendered":"https:\/\/elregionaldigital.info\/?p=4741"},"modified":"2025-06-26T15:38:09","modified_gmt":"2025-06-26T15:38:09","slug":"susana-zabaleta-insulta-a-belinda-y-mariana-seoane-la-actriz-responde-si-me-sintiera-asi-me-hubiera-ofendido","status":"publish","type":"post","link":"https:\/\/elregionaldigital.info\/?p=4741","title":{"rendered":"Susana Zabaleta insulta a Belinda y Mariana Seoane; la actriz responde: si me sintiera as\u00ed, me hubiera ofendido"},"content":{"rendered":"\n<p>24 de junio del 2025<\/p>\n\n\n\n<p>Susana Zabaleta se burl\u00f3 de las cirug\u00edas de Belinda, adem\u00e1s de que llam\u00f3 \u201cpendeja\u201d a Mariana Seoane, despu\u00e9s de que la actriz asegurara que la soprano mantiene a su novio Ricardo P\u00e9rez<\/p>\n\n\n\n<p>Susana Zabaleta\u00a0volvi\u00f3 a protagonizar una\u00a0pol\u00e9mica, debido a que durante un concierto\u00a0se burl\u00f3\u00a0de que le dicen \u201cmaestra a\u00a0Belinda\u201d, quien asegur\u00f3 \u201cqu\u00e9 viva la Beli, operada, pero s\u00ed\u201d.<\/p>\n\n\n\n<p>Sumado a ello,\u00a0llam\u00f3 \u201cse\u00f1ora pendeja\u201d a\u00a0Mariana Seoane,\u00a0despu\u00e9s de que la actriz comentara que\u00a0Susana Zabaleta\u00a0mantiene a su novio\u00a0Ricardo P\u00e9rez,\u00a0debido a que el comediante es 30 a\u00f1os menor que la cantante de 60 a\u00f1os.<\/p>\n\n\n\n<h2 class=\"wp-block-heading\">\u201cLe soy tan importante que en su concierto me mencion\u00f3\u201d, responde Susana Zabaleta a Mariana Seoane<\/h2>\n\n\n\n<p>La actriz\u00a0Mariana Seoane considera que posiblemente Susana Zabaleta no vio que se disculp\u00f3\u00a0despu\u00e9s de que\u00a0sugiriera\u00a0que ella\u00a0mantiene a Ricardo P\u00e9rez.<\/p>\n\n\n\n<p>\u201cMe parece raro que una mujer con tanta experiencia haya, pues,\u00a0tenido ese adjetivo tan burdo hacia mi\u00a0persona\u201d, dijo la actriz para medios de comunicaci\u00f3n, quien previamente hab\u00eda reconocido que no tiene idea de la relaci\u00f3n entre Ricardo P\u00e9rez y Susana Zabaleta y pidi\u00f3 una disculpa por lo dicho.<\/p>\n\n\n\n<blockquote class=\"wp-block-quote is-layout-flow wp-block-quote-is-layout-flow\">\n<p><q>\u00bfSabes lo padre de todo? Es que le soy tan importante que en su concierto me mencion\u00f3 (&#8230;) Me siento orgullosa, mejor cantemos juntas y se acab\u00f3 el mitote.&nbsp;<\/q>Mariana Seoane.<\/p>\n<\/blockquote>\n\n\n\n<p>Sumado a ello, la tambi\u00e9n cantante asegur\u00f3 que\u00a0no le ofendi\u00f3 que la llamaran \u201cpendeja\u201d, pues no se identifica con dicho adjetivo.<\/p>\n\n\n\n<blockquote class=\"wp-block-quote is-layout-flow wp-block-quote-is-layout-flow\">\n<p><q>Si yo me sintiera pendeja, me hubiera ofendido, pero dije: ah, mira, me mencion\u00f3 en su show, soy importante.&nbsp;<\/q>Mariana Seoane.<\/p>\n<\/blockquote>\n\n\n\n<p>La actriz tambi\u00e9n brome\u00f3 con la situaci\u00f3n, pues asegur\u00f3 que\u00a0Susana Zabaleta es \u201cm\u00e1s se\u00f1ora\u201d que ella, y dijo que en Argentina, de donde es originaria su mam\u00e1, se les llama \u201cpendejos\u201d a los ni\u00f1os, por lo que \u201cclaro que soy una pendeja\u201d, coment\u00f3.<\/p>\n\n\n\n<figure class=\"wp-block-image size-large\"><img loading=\"lazy\" decoding=\"async\" width=\"1024\" height=\"576\" src=\"https:\/\/elregionaldigital.info\/wp-content\/uploads\/2025\/06\/image-13-1024x576.png\" alt=\"\" class=\"wp-image-4742\" srcset=\"https:\/\/elregionaldigital.info\/wp-content\/uploads\/2025\/06\/image-13-1024x576.png 1024w, https:\/\/elregionaldigital.info\/wp-content\/uploads\/2025\/06\/image-13-300x169.png 300w, https:\/\/elregionaldigital.info\/wp-content\/uploads\/2025\/06\/image-13-768x432.png 768w, https:\/\/elregionaldigital.info\/wp-content\/uploads\/2025\/06\/image-13.png 1200w\" sizes=\"auto, (max-width: 1024px) 100vw, 1024px\" \/><\/figure>\n\n\n\n<p><\/p>\n","protected":false},"excerpt":{"rendered":"<p>24 de junio del 2025 Susana Zabaleta se burl\u00f3 de las cirug\u00edas de Belinda, adem\u00e1s de que llam\u00f3 \u201cpendeja\u201d a Mariana Seoane, despu\u00e9s de que la actriz asegurara que la soprano mantiene a su novio Ricardo P\u00e9rez Susana Zabaleta\u00a0volvi\u00f3 a protagonizar una\u00a0pol\u00e9mica, debido a que durante un concierto\u00a0se burl\u00f3\u00a0de que le dicen \u201cmaestra a\u00a0Belinda\u201d, quien [&hellip;]<\/p>\n","protected":false},"author":1,"featured_media":4742,"comment_status":"open","ping_status":"open","sticky":false,"template":"","format":"standard","meta":{"footnotes":""},"categories":[3],"tags":[],"class_list":["post-4741","post","type-post","status-publish","format-standard","has-post-thumbnail","hentry","category-entretenimiento"],"blog_post_layout_featured_media_urls":{"thumbnail":["https:\/\/elregionaldigital.info\/wp-content\/uploads\/2025\/06\/image-13-150x150.png",150,150,true],"full":["https:\/\/elregionaldigital.info\/wp-content\/uploads\/2025\/06\/image-13.png",1200,675,false]},"categories_names":{"3":{"name":"Entretenimiento","link":"https:\/\/elregionaldigital.info\/?cat=3"}},"tags_names":[],"comments_number":"0","wpmagazine_modules_lite_featured_media_urls":{"thumbnail":["https:\/\/elregionaldigital.info\/wp-content\/uploads\/2025\/06\/image-13-150x150.png",150,150,true],"cvmm-medium":["https:\/\/elregionaldigital.info\/wp-content\/uploads\/2025\/06\/image-13-300x300.png",300,300,true],"cvmm-medium-plus":["https:\/\/elregionaldigital.info\/wp-content\/uploads\/2025\/06\/image-13-305x207.png",305,207,true],"cvmm-portrait":["https:\/\/elregionaldigital.info\/wp-content\/uploads\/2025\/06\/image-13-400x600.png",400,600,true],"cvmm-medium-square":["https:\/\/elregionaldigital.info\/wp-content\/uploads\/2025\/06\/image-13-600x600.png",600,600,true],"cvmm-large":["https:\/\/elregionaldigital.info\/wp-content\/uploads\/2025\/06\/image-13-1024x675.png",1024,675,true],"cvmm-small":["https:\/\/elregionaldigital.info\/wp-content\/uploads\/2025\/06\/image-13-130x95.png",130,95,true],"full":["https:\/\/elregionaldigital.info\/wp-content\/uploads\/2025\/06\/image-13.png",1200,675,false]},"_links":{"self":[{"href":"https:\/\/elregionaldigital.info\/index.php?rest_route=\/wp\/v2\/posts\/4741","targetHints":{"allow":["GET"]}}],"collection":[{"href":"https:\/\/elregionaldigital.info\/index.php?rest_route=\/wp\/v2\/posts"}],"about":[{"href":"https:\/\/elregionaldigital.info\/index.php?rest_route=\/wp\/v2\/types\/post"}],"author":[{"embeddable":true,"href":"https:\/\/elregionaldigital.info\/index.php?rest_route=\/wp\/v2\/users\/1"}],"replies":[{"embeddable":true,"href":"https:\/\/elregionaldigital.info\/index.php?rest_route=%2Fwp%2Fv2%2Fcomments&post=4741"}],"version-history":[{"count":1,"href":"https:\/\/elregionaldigital.info\/index.php?rest_route=\/wp\/v2\/posts\/4741\/revisions"}],"predecessor-version":[{"id":4743,"href":"https:\/\/elregionaldigital.info\/index.php?rest_route=\/wp\/v2\/posts\/4741\/revisions\/4743"}],"wp:featuredmedia":[{"embeddable":true,"href":"https:\/\/elregionaldigital.info\/index.php?rest_route=\/wp\/v2\/media\/4742"}],"wp:attachment":[{"href":"https:\/\/elregionaldigital.info\/index.php?rest_route=%2Fwp%2Fv2%2Fmedia&parent=4741"}],"wp:term":[{"taxonomy":"category","embeddable":true,"href":"https:\/\/elregionaldigital.info\/index.php?rest_route=%2Fwp%2Fv2%2Fcategories&post=4741"},{"taxonomy":"post_tag","embeddable":true,"href":"https:\/\/elregionaldigital.info\/index.php?rest_route=%2Fwp%2Fv2%2Ftags&post=4741"}],"curies":[{"name":"wp","href":"https:\/\/api.w.org\/{rel}","templated":true}]}}