{"id":4725,"date":"2025-06-21T17:29:55","date_gmt":"2025-06-21T17:29:55","guid":{"rendered":"https:\/\/elregionaldigital.info\/?p=4725"},"modified":"2025-06-24T17:32:55","modified_gmt":"2025-06-24T17:32:55","slug":"maelo-ruiz-celebra-40-anos-de-ritmo-y-sentimiento","status":"publish","type":"post","link":"https:\/\/elregionaldigital.info\/?p=4725","title":{"rendered":"Maelo Ruiz celebra 40 a\u00f1os de ritmo y sentimiento"},"content":{"rendered":"\n<p>21 de junio del 2025<\/p>\n\n\n\n<p><em>Ciudad de M\u00e9xico.&nbsp;<\/em>La Arena Ciudad de M\u00e9xico, se transform\u00f3 en sal\u00f3n de baile para celebrar cuatro d\u00e9cadas de un grande de la salsa, Maelo Ruiz, quien puso en marcha su&nbsp;<em>Tour 40 Aniversario<\/em>&nbsp;en el recinto de Azcapotzalco, el cual fue un derroche de ritmo candente, sentimientos y donde se corrobor\u00f3 el poder de la m\u00fasica.<\/p>\n\n\n\n<p>Maelo Ruiz, de 58 a\u00f1os de edad, quien ha construido una carrera como uno de los m\u00e1ximos exponentes de la salsa rom\u00e1ntica, adem\u00e1s de que ha mantenido su vigencia y su profunda voz que permanece intacta y es reconocida de inmediato en los primeros acordes de&nbsp;<em>Ser\u00e1 que s\u00ed<\/em>, Por favor se\u00f1ora,&nbsp;<em>Te va a doler<\/em>&nbsp;o&nbsp;<em>Reg\u00e1lame una noche<\/em>, protagoniz\u00f3 una noche vibrante, de festejo por la vida, en la Arena CDMX.<\/p>\n\n\n\n<p>Pero la h\u00fameda noche del jueves, ya entrados en calor y con la candela al cien por ciento, Maelo Ruiz, quien apareci\u00f3 en el escenario despu\u00e9s de las 10 de la noche, dej\u00f3 a sus seguidores con ganas de seguir en la celebraci\u00f3n, pues luego de hora y media de concierto, sali\u00f3 del escenario para un cambio de ropa, pero regres\u00f3 para despedirse de su p\u00fablico que a\u00fan ten\u00eda energ\u00eda, ganas de darle gusto al cuerpo con el romanticismo de sus letras y el ritmo prendido de la salsa.<\/p>\n\n\n\n<p>Lo cierto es que el m\u00fasico tuvo varios recesos a lo largo del espect\u00e1culo; sus intervenciones fueron divididas para que tomara respiro y durante unos minutos, ya sentado charl\u00f3 sobre sus vivencias en la industria, sus inicios con la Orquesta Internacional de Pedro Conga, la etapa de solista, su amor por M\u00e9xico, el cual demostr\u00f3 besando la bandera tricolor y record\u00f3 cuando pis\u00f3 este territorio por primera vez, el 16 de noviembre de 1995, con el tema&nbsp;<em>Te necesito mi amor<\/em>.<\/p>\n\n\n\n<p>En el \u00e1rea baja del recinto (zona de pie), se colocaron mesas y sillas, con un peque\u00f1o centro despejado, donde estuvieron bailando muy a gusto quienes compraron esos lugares; mientras alrededor de la arena, entre palcos y zonas de gradas, hubo algunos m\u00e1s aventados que lograron sortear a los encargados de seguridad y se lanzaron a bailar entre los pasillos y butacas.<\/p>\n\n\n\n<p>Con proyecciones en video, orquesta, coristas y bailarinas, Ismael Ruiz Hern\u00e1ndez, nombre real del m\u00fasico estadunidense de ascendencia puertorrique\u00f1a, comenz\u00f3 el vibrante espect\u00e1culo con&nbsp;<em>Vicio<\/em>,&nbsp;<em>No te quites la ropa<\/em>&nbsp;y&nbsp;<em>Si supieras<\/em>. &#8220;Buenas noches, aplausos para las bailarinas&#8221;, dijo el int\u00e9rprete y continu\u00f3 con&nbsp;<em>Me niegas tanto amor<\/em>&nbsp;y&nbsp;<em>Quiero volver<\/em>. Y al un\u00edsono, los miles de asistentes se sumaron al coro con su famosa frase de batalla: &#8220;\u00a1Otra vez Maelo Ruiz! Cuchi, cuchi, cuchi&#8221;.<\/p>\n\n\n\n<p>Antes de interpretar&nbsp;<em>Quiero volver<\/em>, el salsero expres\u00f3: &#8220;estoy contento y feliz de estar en la Arena, gracias por apoyar mi m\u00fasica; los quiero y amo mucho; ustedes son los responsables de que est\u00e9 aqu\u00ed&#8221;.<\/p>\n\n\n\n<p>La noche festiva de Maelo Ruiz, quien confes\u00f3 que de no haber seguido el camino art\u00edstico, habr\u00eda sido &#8220;pelotero&#8221; y se dijo seguidor de la novena de los Medias Rojas de Boston, continu\u00f3 al calor de&nbsp;<em>Te necesito mi amor<\/em>,&nbsp;<em>Nadie igual que t\u00fa<\/em>,&nbsp;<em>Mi mundo es de ella<\/em>&nbsp;y&nbsp;<em>El reloj cuc\u00fa<\/em>. Esta \u00faltima, fue una versi\u00f3n salsera de la canci\u00f3n de Man\u00e1 y m\u00e1s adelante Ruiz tambi\u00e9n interpret\u00f3 un popurr\u00ed con temas que hizo famosos Luis Miguel.<\/p>\n\n\n\n<p>Aunque el romanticismo peg\u00f3 fuerte con&nbsp;<em>Ser\u00e1 que s\u00ed<\/em>,&nbsp;<em>As\u00ed eres t\u00fa<\/em>,&nbsp;<em>Si volvieras a m\u00ed<\/em>,&nbsp;<em>B\u00e9same<\/em>,&nbsp;<em>Deseo<\/em>&nbsp;y&nbsp;<em>Amiga<\/em>, hacia la recta final del concierto, Maelo recibi\u00f3 de manos de su esposa Janette P\u00e9rez un reconocimiento por 40 a\u00f1os de carrera. Tambi\u00e9n se proyect\u00f3 un video donde varios de sus colegas coincidieron en llamarlo &#8220;leyenda y referente de la m\u00fasica; de 40 a\u00f1os de trayectoria intachable, de gran talento y de llevar por lo alto: \u00a1Otra vez Maelo Ruiz, cuchi, cuchi, cuchi!&#8221;.<\/p>\n\n\n\n<p>El salsero se despidi\u00f3 de sus miles de seguidores con&nbsp;<em>Te va a doler<\/em>&nbsp;en una noche en que, sin tener aforo, la Arena CDMX ardi\u00f3 y fue testigo de una historia musical de cuatro d\u00e9cadas de \u00e9xitos, trabajo y mucho sacrificio.<\/p>\n\n\n\n<p>Antes de que Maelo Ruiz tomara el escenario, Diego y su Grupo Gal\u00e9, prendieron durante una hora los \u00e1nimos y dejaron el ambiente a punto de fiesta. Fue una noche donde por primera vez en muchos a\u00f1os, ambos exponentes de la salsa coincidieron en el mismo lugar tocando lo mejor de su repertorio. Adem\u00e1s, la noche del jueves, s\u00ed fue como hab\u00eda adelantado la agrupaci\u00f3n colombiana en declaraciones sobre su regreso a M\u00e9xico y de compartir escenario con Maelo Ruiz, en que esta fecha ser\u00eda &#8220;una noche de historia para los que aman la salsa, con sentimiento, sabor y con respeto por el legado que llevamos a\u00f1os construyendo&#8221; en este g\u00e9nero.<\/p>\n\n\n\n<figure class=\"wp-block-image size-full\"><img loading=\"lazy\" decoding=\"async\" width=\"1024\" height=\"767\" src=\"https:\/\/elregionaldigital.info\/wp-content\/uploads\/2025\/06\/maelo-ruiz-vuelve-a-la-cdmx-con-concierto-sinfonico-de-salsa.jpg\" alt=\"\" class=\"wp-image-4727\" srcset=\"https:\/\/elregionaldigital.info\/wp-content\/uploads\/2025\/06\/maelo-ruiz-vuelve-a-la-cdmx-con-concierto-sinfonico-de-salsa.jpg 1024w, https:\/\/elregionaldigital.info\/wp-content\/uploads\/2025\/06\/maelo-ruiz-vuelve-a-la-cdmx-con-concierto-sinfonico-de-salsa-300x225.jpg 300w, https:\/\/elregionaldigital.info\/wp-content\/uploads\/2025\/06\/maelo-ruiz-vuelve-a-la-cdmx-con-concierto-sinfonico-de-salsa-768x575.jpg 768w, https:\/\/elregionaldigital.info\/wp-content\/uploads\/2025\/06\/maelo-ruiz-vuelve-a-la-cdmx-con-concierto-sinfonico-de-salsa-136x102.jpg 136w\" sizes=\"auto, (max-width: 1024px) 100vw, 1024px\" \/><\/figure>\n","protected":false},"excerpt":{"rendered":"<p>21 de junio del 2025 Ciudad de M\u00e9xico.&nbsp;La Arena Ciudad de M\u00e9xico, se transform\u00f3 en sal\u00f3n de baile para celebrar cuatro d\u00e9cadas de un grande de la salsa, Maelo Ruiz, quien puso en marcha su&nbsp;Tour 40 Aniversario&nbsp;en el recinto de Azcapotzalco, el cual fue un derroche de ritmo candente, sentimientos y donde se corrobor\u00f3 el [&hellip;]<\/p>\n","protected":false},"author":1,"featured_media":4726,"comment_status":"open","ping_status":"open","sticky":false,"template":"","format":"standard","meta":{"footnotes":""},"categories":[3],"tags":[],"class_list":["post-4725","post","type-post","status-publish","format-standard","has-post-thumbnail","hentry","category-entretenimiento"],"blog_post_layout_featured_media_urls":{"thumbnail":["https:\/\/elregionaldigital.info\/wp-content\/uploads\/2025\/06\/image-12-150x150.png",150,150,true],"full":["https:\/\/elregionaldigital.info\/wp-content\/uploads\/2025\/06\/image-12.png",1078,720,false]},"categories_names":{"3":{"name":"Entretenimiento","link":"https:\/\/elregionaldigital.info\/?cat=3"}},"tags_names":[],"comments_number":"0","wpmagazine_modules_lite_featured_media_urls":{"thumbnail":["https:\/\/elregionaldigital.info\/wp-content\/uploads\/2025\/06\/image-12-150x150.png",150,150,true],"cvmm-medium":["https:\/\/elregionaldigital.info\/wp-content\/uploads\/2025\/06\/image-12-300x300.png",300,300,true],"cvmm-medium-plus":["https:\/\/elregionaldigital.info\/wp-content\/uploads\/2025\/06\/image-12-305x207.png",305,207,true],"cvmm-portrait":["https:\/\/elregionaldigital.info\/wp-content\/uploads\/2025\/06\/image-12-400x600.png",400,600,true],"cvmm-medium-square":["https:\/\/elregionaldigital.info\/wp-content\/uploads\/2025\/06\/image-12-600x600.png",600,600,true],"cvmm-large":["https:\/\/elregionaldigital.info\/wp-content\/uploads\/2025\/06\/image-12-1024x720.png",1024,720,true],"cvmm-small":["https:\/\/elregionaldigital.info\/wp-content\/uploads\/2025\/06\/image-12-130x95.png",130,95,true],"full":["https:\/\/elregionaldigital.info\/wp-content\/uploads\/2025\/06\/image-12.png",1078,720,false]},"_links":{"self":[{"href":"https:\/\/elregionaldigital.info\/index.php?rest_route=\/wp\/v2\/posts\/4725","targetHints":{"allow":["GET"]}}],"collection":[{"href":"https:\/\/elregionaldigital.info\/index.php?rest_route=\/wp\/v2\/posts"}],"about":[{"href":"https:\/\/elregionaldigital.info\/index.php?rest_route=\/wp\/v2\/types\/post"}],"author":[{"embeddable":true,"href":"https:\/\/elregionaldigital.info\/index.php?rest_route=\/wp\/v2\/users\/1"}],"replies":[{"embeddable":true,"href":"https:\/\/elregionaldigital.info\/index.php?rest_route=%2Fwp%2Fv2%2Fcomments&post=4725"}],"version-history":[{"count":1,"href":"https:\/\/elregionaldigital.info\/index.php?rest_route=\/wp\/v2\/posts\/4725\/revisions"}],"predecessor-version":[{"id":4728,"href":"https:\/\/elregionaldigital.info\/index.php?rest_route=\/wp\/v2\/posts\/4725\/revisions\/4728"}],"wp:featuredmedia":[{"embeddable":true,"href":"https:\/\/elregionaldigital.info\/index.php?rest_route=\/wp\/v2\/media\/4726"}],"wp:attachment":[{"href":"https:\/\/elregionaldigital.info\/index.php?rest_route=%2Fwp%2Fv2%2Fmedia&parent=4725"}],"wp:term":[{"taxonomy":"category","embeddable":true,"href":"https:\/\/elregionaldigital.info\/index.php?rest_route=%2Fwp%2Fv2%2Fcategories&post=4725"},{"taxonomy":"post_tag","embeddable":true,"href":"https:\/\/elregionaldigital.info\/index.php?rest_route=%2Fwp%2Fv2%2Ftags&post=4725"}],"curies":[{"name":"wp","href":"https:\/\/api.w.org\/{rel}","templated":true}]}}