{"id":4722,"date":"2025-06-23T16:52:00","date_gmt":"2025-06-23T16:52:00","guid":{"rendered":"https:\/\/elregionaldigital.info\/?p=4722"},"modified":"2025-06-24T16:53:55","modified_gmt":"2025-06-24T16:53:55","slug":"israel-ataca-el-recinto-nuclear-de-fordo-una-prision-y-una-universidad-en-teheran","status":"publish","type":"post","link":"https:\/\/elregionaldigital.info\/?p=4722","title":{"rendered":"Israel ataca el recinto nuclear de Ford\u00f3, una prisi\u00f3n y una universidad en Teher\u00e1n"},"content":{"rendered":"\n<p>23 de junio del 2025<\/p>\n\n\n\n<p>Israel renov\u00f3 este lunes los bombardeos\u00a0contra varias zonas de Teher\u00e1n, impactando el\u00a0recinto\u00a0nuclear\u00a0de Ford\u00f3, la Universidad Shahid Beheshti, vinculada con el programa nuclear iran\u00ed, la\u00a0prisi\u00f3n de Evin,\u00a0que acoge a los presos pol\u00edticos, entre otros lugares.<\/p>\n\n\n\n<p>A media ma\u00f1ana comenzaron a sonar\u00a0fuertes explosiones en varios puntos de la capital,\u00a0que EFE escuch\u00f3 y sinti\u00f3, en la que parece la\u00a0mayor oleada de\u00a0ataques\u00a0contra Teher\u00e1n desde que comenz\u00f3 el conflicto el 13 de junio.<\/p>\n\n\n\n<p>La portavoz del Gobierno, Fatemeh Mohajerani, inform\u00f3 de que \u201cse produjeron\u00a0da\u00f1os en el edificio de la Media Luna Roja\u201d, aunque no confirm\u00f3 el alcance de los mismos ni si se produjeron v\u00edctimas.<\/p>\n\n\n\n<p>Tehran Times report\u00f3 que se produjeron\u00a0impactos contra la prisi\u00f3n de Evin y la Universidad Shahid Beheshti,\u00a0sancionada por la\u00a0Uni\u00f3n Europea y Estados Unidos\u00a0por sus lazos con el programa nuclear iran\u00ed.<\/p>\n\n\n\n<p>Tambi\u00e9n se produjo un nuevo\u00a0ataque contra la plaza Vanak,\u00a0que provoc\u00f3 una enorme nube de humo, seg\u00fan mostraron medios iran\u00edes.<\/p>\n\n\n\n<p>Las autoridades iran\u00edes no han informado a\u00fan de\u00a0v\u00edctimas\u00a0mortales\u00a0en estos ataques, que s\u00ed han provocado el corte de la electricidad en algunas zonas del norte de la capital.<\/p>\n\n\n\n<p>Seg\u00fan medios iran\u00edes, tambi\u00e9n se produjeron\u00a0ataques contra la ciudad de Karaj y Fardis.<\/p>\n\n\n\n<p>Desde el comienzo de la guerra el 13 de junio, Israel ha atacado numerosos objetivos en Ir\u00e1n, entre ellos\u00a0instalaciones militares y civiles, como aeropuertos,\u00a0pero tambi\u00e9n\u00a0zonas residenciales,\u00a0y la sede de la\u00a0televisi\u00f3n estatal.<\/p>\n\n\n\n<p>Numerosos vecinos han\u00a0abandonado la capital\u00a0ante los ataques, pero en los \u00faltimos d\u00edas algunos residentes regresaron y la ciudad recuperaba poco a poco el ritmo.<\/p>\n\n\n\n<figure class=\"wp-block-image size-large\"><img loading=\"lazy\" decoding=\"async\" width=\"1024\" height=\"576\" src=\"https:\/\/elregionaldigital.info\/wp-content\/uploads\/2025\/06\/image-11-1024x576.png\" alt=\"\" class=\"wp-image-4723\" srcset=\"https:\/\/elregionaldigital.info\/wp-content\/uploads\/2025\/06\/image-11-1024x576.png 1024w, https:\/\/elregionaldigital.info\/wp-content\/uploads\/2025\/06\/image-11-300x169.png 300w, https:\/\/elregionaldigital.info\/wp-content\/uploads\/2025\/06\/image-11-768x432.png 768w, https:\/\/elregionaldigital.info\/wp-content\/uploads\/2025\/06\/image-11.png 1200w\" sizes=\"auto, (max-width: 1024px) 100vw, 1024px\" \/><\/figure>\n","protected":false},"excerpt":{"rendered":"<p>23 de junio del 2025 Israel renov\u00f3 este lunes los bombardeos\u00a0contra varias zonas de Teher\u00e1n, impactando el\u00a0recinto\u00a0nuclear\u00a0de Ford\u00f3, la Universidad Shahid Beheshti, vinculada con el programa nuclear iran\u00ed, la\u00a0prisi\u00f3n de Evin,\u00a0que acoge a los presos pol\u00edticos, entre otros lugares. A media ma\u00f1ana comenzaron a sonar\u00a0fuertes explosiones en varios puntos de la capital,\u00a0que EFE escuch\u00f3 y [&hellip;]<\/p>\n","protected":false},"author":1,"featured_media":4723,"comment_status":"open","ping_status":"open","sticky":false,"template":"","format":"standard","meta":{"footnotes":""},"categories":[11],"tags":[],"class_list":["post-4722","post","type-post","status-publish","format-standard","has-post-thumbnail","hentry","category-mundo"],"blog_post_layout_featured_media_urls":{"thumbnail":["https:\/\/elregionaldigital.info\/wp-content\/uploads\/2025\/06\/image-11-150x150.png",150,150,true],"full":["https:\/\/elregionaldigital.info\/wp-content\/uploads\/2025\/06\/image-11.png",1200,675,false]},"categories_names":{"11":{"name":"Mundo","link":"https:\/\/elregionaldigital.info\/?cat=11"}},"tags_names":[],"comments_number":"0","wpmagazine_modules_lite_featured_media_urls":{"thumbnail":["https:\/\/elregionaldigital.info\/wp-content\/uploads\/2025\/06\/image-11-150x150.png",150,150,true],"cvmm-medium":["https:\/\/elregionaldigital.info\/wp-content\/uploads\/2025\/06\/image-11-300x300.png",300,300,true],"cvmm-medium-plus":["https:\/\/elregionaldigital.info\/wp-content\/uploads\/2025\/06\/image-11-305x207.png",305,207,true],"cvmm-portrait":["https:\/\/elregionaldigital.info\/wp-content\/uploads\/2025\/06\/image-11-400x600.png",400,600,true],"cvmm-medium-square":["https:\/\/elregionaldigital.info\/wp-content\/uploads\/2025\/06\/image-11-600x600.png",600,600,true],"cvmm-large":["https:\/\/elregionaldigital.info\/wp-content\/uploads\/2025\/06\/image-11-1024x675.png",1024,675,true],"cvmm-small":["https:\/\/elregionaldigital.info\/wp-content\/uploads\/2025\/06\/image-11-130x95.png",130,95,true],"full":["https:\/\/elregionaldigital.info\/wp-content\/uploads\/2025\/06\/image-11.png",1200,675,false]},"_links":{"self":[{"href":"https:\/\/elregionaldigital.info\/index.php?rest_route=\/wp\/v2\/posts\/4722","targetHints":{"allow":["GET"]}}],"collection":[{"href":"https:\/\/elregionaldigital.info\/index.php?rest_route=\/wp\/v2\/posts"}],"about":[{"href":"https:\/\/elregionaldigital.info\/index.php?rest_route=\/wp\/v2\/types\/post"}],"author":[{"embeddable":true,"href":"https:\/\/elregionaldigital.info\/index.php?rest_route=\/wp\/v2\/users\/1"}],"replies":[{"embeddable":true,"href":"https:\/\/elregionaldigital.info\/index.php?rest_route=%2Fwp%2Fv2%2Fcomments&post=4722"}],"version-history":[{"count":1,"href":"https:\/\/elregionaldigital.info\/index.php?rest_route=\/wp\/v2\/posts\/4722\/revisions"}],"predecessor-version":[{"id":4724,"href":"https:\/\/elregionaldigital.info\/index.php?rest_route=\/wp\/v2\/posts\/4722\/revisions\/4724"}],"wp:featuredmedia":[{"embeddable":true,"href":"https:\/\/elregionaldigital.info\/index.php?rest_route=\/wp\/v2\/media\/4723"}],"wp:attachment":[{"href":"https:\/\/elregionaldigital.info\/index.php?rest_route=%2Fwp%2Fv2%2Fmedia&parent=4722"}],"wp:term":[{"taxonomy":"category","embeddable":true,"href":"https:\/\/elregionaldigital.info\/index.php?rest_route=%2Fwp%2Fv2%2Fcategories&post=4722"},{"taxonomy":"post_tag","embeddable":true,"href":"https:\/\/elregionaldigital.info\/index.php?rest_route=%2Fwp%2Fv2%2Ftags&post=4722"}],"curies":[{"name":"wp","href":"https:\/\/api.w.org\/{rel}","templated":true}]}}