{"id":4719,"date":"2025-06-22T16:49:58","date_gmt":"2025-06-22T16:49:58","guid":{"rendered":"https:\/\/elregionaldigital.info\/?p=4719"},"modified":"2025-06-24T16:51:14","modified_gmt":"2025-06-24T16:51:14","slug":"mexico-empata-con-costa-rica-enfrentara-a-arabia-saudita-en-cuartos-de-final","status":"publish","type":"post","link":"https:\/\/elregionaldigital.info\/?p=4719","title":{"rendered":"M\u00e9xico empata con Costa Rica; enfrentar\u00e1 a Arabia Saudita en cuartos de final"},"content":{"rendered":"\n<p>22 de junio del 2025<\/p>\n\n\n\n<p>La imagen que mejor define el nivel de M\u00e9xico en la Copa Oro es la del t\u00e9cnico nacional Javier Aguirre, muchas veces preocupado y pensativo, con una evidente frustraci\u00f3n por las se\u00f1ales que deja su equipo rumbo al Mundial de 2026. Su molestia remite a un tiempo en el que el Tricolor era un rival apagado y sin af\u00e1n por el trabajo, pendiente de los chispazos individuales como en procesos que encabezaron otros en su cargo.&nbsp;<\/p>\n\n\n\n<p>Durante m\u00e1s de 80 minutos, el empate ante Costa Rica (0-0) descubri\u00f3 las debilidades ofensivas de sus jugadores, dominantes en un inicio, pero faltos de imaginaci\u00f3n para imponerse al experimentado portero Keylor Navas en el Allegiant Stadium, en Las Vegas.<\/p>\n\n\n\n<p>Aunque dirige desde hace m\u00e1s de 30 a\u00f1os, Aguirre no entiende de mundos sencillos. Los dos anteriores procesos que estuvo en el cargo -Corea-Jap\u00f3n 2002 y Sud\u00e1frica 2010- atrajeron las mismas cr\u00edticas sobre el desempe\u00f1o de su plantel. Desde las fallas de C\u00e9sar Montes hasta los ataques de Ra\u00fal Jim\u00e9nez que terminaron en las manos de Navas, el primer tiempo del Tricolor represent\u00f3 los valores que su afici\u00f3n exige para mejorar el presente futbol\u00edstico: dedicaci\u00f3n, sencillez y liderazgo. Ajeno a cualquier forma de estridencia, Costa Rica mostr\u00f3 su orgullosa vinculaci\u00f3n con la idea de Miguel Herrera, su entrenador y referente en el vestuario.<\/p>\n\n\n\n<p>Una de sus primeras labores fue convencer a Navas, ex figura del Real Madrid, de volver a defender la porter\u00eda nacional tras un breve retiro. De no ser por \u00e9l, la resistencia de su representativo no habr\u00eda sido la misma.&nbsp;Keylor&nbsp;mostr\u00f3 su influencia cada vez que Ra\u00fal Jim\u00e9nez y Luis Ch\u00e1vez lo desafiaron. Se&nbsp;agigant\u00f3, vol\u00f3 por el \u00e1rea chica como lo hizo en su mejor \u00e9poca con el Madrid y, cuando alguno de sus defensores se equivoc\u00f3, como en el gol anulado a Santiago Gim\u00e9nez por presunto fuera de lugar, el experimentado costarricense levant\u00f3 la voz para seguir adelante.&nbsp;<\/p>\n\n\n\n<p>El \u00e1rbitro guatemalteco Mario Escobar apag\u00f3 la emoci\u00f3n de miles de seguidores del Tri en los minutos finales, cuando Gim\u00e9nez, en un tiro libre en el que aprovech\u00f3 un cabezazo del mediocampista Orlando Galo, remat\u00f3 de tijera hacia el fondo del arco. A pesar del efusivo festejo, el VAR asisti\u00f3 a Escobar para anular el tanto por posici\u00f3n adelantada.<\/p>\n\n\n\n<p>Con el primer lugar del Grupo A (7 puntos de 9 posibles), el combinado mexicano enfrentar\u00e1 al invitado de esta Copa Oro, Arabia Saudita, en los cuartos de final. Los ticos, entretanto, se medir\u00e1n ante Estados Unidos, que termin\u00f3 de l\u00edder en el sector D con un pleno de victorias.<\/p>\n\n\n\n<figure class=\"wp-block-image size-large\"><img loading=\"lazy\" decoding=\"async\" width=\"1024\" height=\"683\" src=\"https:\/\/elregionaldigital.info\/wp-content\/uploads\/2025\/06\/image-10-1024x683.png\" alt=\"\" class=\"wp-image-4720\" srcset=\"https:\/\/elregionaldigital.info\/wp-content\/uploads\/2025\/06\/image-10-1024x683.png 1024w, https:\/\/elregionaldigital.info\/wp-content\/uploads\/2025\/06\/image-10-300x200.png 300w, https:\/\/elregionaldigital.info\/wp-content\/uploads\/2025\/06\/image-10-768x512.png 768w, https:\/\/elregionaldigital.info\/wp-content\/uploads\/2025\/06\/image-10.png 1080w\" sizes=\"auto, (max-width: 1024px) 100vw, 1024px\" \/><\/figure>\n","protected":false},"excerpt":{"rendered":"<p>22 de junio del 2025 La imagen que mejor define el nivel de M\u00e9xico en la Copa Oro es la del t\u00e9cnico nacional Javier Aguirre, muchas veces preocupado y pensativo, con una evidente frustraci\u00f3n por las se\u00f1ales que deja su equipo rumbo al Mundial de 2026. Su molestia remite a un tiempo en el que [&hellip;]<\/p>\n","protected":false},"author":1,"featured_media":4720,"comment_status":"open","ping_status":"open","sticky":false,"template":"","format":"standard","meta":{"footnotes":""},"categories":[6],"tags":[],"class_list":["post-4719","post","type-post","status-publish","format-standard","has-post-thumbnail","hentry","category-deportes"],"blog_post_layout_featured_media_urls":{"thumbnail":["https:\/\/elregionaldigital.info\/wp-content\/uploads\/2025\/06\/image-10-150x150.png",150,150,true],"full":["https:\/\/elregionaldigital.info\/wp-content\/uploads\/2025\/06\/image-10.png",1080,720,false]},"categories_names":{"6":{"name":"Deportes","link":"https:\/\/elregionaldigital.info\/?cat=6"}},"tags_names":[],"comments_number":"0","wpmagazine_modules_lite_featured_media_urls":{"thumbnail":["https:\/\/elregionaldigital.info\/wp-content\/uploads\/2025\/06\/image-10-150x150.png",150,150,true],"cvmm-medium":["https:\/\/elregionaldigital.info\/wp-content\/uploads\/2025\/06\/image-10-300x300.png",300,300,true],"cvmm-medium-plus":["https:\/\/elregionaldigital.info\/wp-content\/uploads\/2025\/06\/image-10-305x207.png",305,207,true],"cvmm-portrait":["https:\/\/elregionaldigital.info\/wp-content\/uploads\/2025\/06\/image-10-400x600.png",400,600,true],"cvmm-medium-square":["https:\/\/elregionaldigital.info\/wp-content\/uploads\/2025\/06\/image-10-600x600.png",600,600,true],"cvmm-large":["https:\/\/elregionaldigital.info\/wp-content\/uploads\/2025\/06\/image-10-1024x720.png",1024,720,true],"cvmm-small":["https:\/\/elregionaldigital.info\/wp-content\/uploads\/2025\/06\/image-10-130x95.png",130,95,true],"full":["https:\/\/elregionaldigital.info\/wp-content\/uploads\/2025\/06\/image-10.png",1080,720,false]},"_links":{"self":[{"href":"https:\/\/elregionaldigital.info\/index.php?rest_route=\/wp\/v2\/posts\/4719","targetHints":{"allow":["GET"]}}],"collection":[{"href":"https:\/\/elregionaldigital.info\/index.php?rest_route=\/wp\/v2\/posts"}],"about":[{"href":"https:\/\/elregionaldigital.info\/index.php?rest_route=\/wp\/v2\/types\/post"}],"author":[{"embeddable":true,"href":"https:\/\/elregionaldigital.info\/index.php?rest_route=\/wp\/v2\/users\/1"}],"replies":[{"embeddable":true,"href":"https:\/\/elregionaldigital.info\/index.php?rest_route=%2Fwp%2Fv2%2Fcomments&post=4719"}],"version-history":[{"count":1,"href":"https:\/\/elregionaldigital.info\/index.php?rest_route=\/wp\/v2\/posts\/4719\/revisions"}],"predecessor-version":[{"id":4721,"href":"https:\/\/elregionaldigital.info\/index.php?rest_route=\/wp\/v2\/posts\/4719\/revisions\/4721"}],"wp:featuredmedia":[{"embeddable":true,"href":"https:\/\/elregionaldigital.info\/index.php?rest_route=\/wp\/v2\/media\/4720"}],"wp:attachment":[{"href":"https:\/\/elregionaldigital.info\/index.php?rest_route=%2Fwp%2Fv2%2Fmedia&parent=4719"}],"wp:term":[{"taxonomy":"category","embeddable":true,"href":"https:\/\/elregionaldigital.info\/index.php?rest_route=%2Fwp%2Fv2%2Fcategories&post=4719"},{"taxonomy":"post_tag","embeddable":true,"href":"https:\/\/elregionaldigital.info\/index.php?rest_route=%2Fwp%2Fv2%2Ftags&post=4719"}],"curies":[{"name":"wp","href":"https:\/\/api.w.org\/{rel}","templated":true}]}}