{"id":4702,"date":"2025-06-22T16:42:42","date_gmt":"2025-06-22T16:42:42","guid":{"rendered":"https:\/\/elregionaldigital.info\/?p=4702"},"modified":"2025-06-24T16:43:41","modified_gmt":"2025-06-24T16:43:41","slug":"estudiantes-de-la-uat-haran-estancia-de-verano-en-canada","status":"publish","type":"post","link":"https:\/\/elregionaldigital.info\/?p=4702","title":{"rendered":"Estudiantes de la UAT har\u00e1n estancia de verano en Canad\u00e1"},"content":{"rendered":"\n<p>22 de junio del 2025<\/p>\n\n\n\n<p><strong>&#8220;<\/strong>&nbsp;La Universidad Aut\u00f3noma de Tamaulipas, a trav\u00e9s del Centro de Idiomas para la Ni\u00f1ez y la Adolescencia (CeINA), y con el respaldo de Familia UAT, impulsa el programa Verano en Canad\u00e1, que permitir\u00e1 a 19 estudiantes de esta instituci\u00f3n educativa practicar un segundo idioma en un entorno real.&nbsp;<strong>&#8220;<\/strong><\/p>\n\n\n\n<p>\u200b<\/p>\n\n\n\n<p>Ciudad Victoria, Tam.; 22 de junio de 2025.<\/p>\n\n\n\n<p>Recientemente, el CeINA llev\u00f3 a cabo una reuni\u00f3n informativa con madres y padres de familia, en la que se dieron a conocer los detalles log\u00edsticos de la movilidad que realizar\u00e1n pr\u00f3ximamente las y los estudiantes de los programas de ingl\u00e9s y franc\u00e9s.<\/p>\n\n\n\n<p>Durante el evento, se cont\u00f3 con la presencia de la presidenta de Familia UAT, Isolda Rend\u00f3n de Anaya, quien reafirm\u00f3 el compromiso de esta iniciativa con la formaci\u00f3n integral y destac\u00f3 la importancia de impulsar experiencias que fortalezcan el desarrollo acad\u00e9mico y cultural del alumnado, brindando herramientas que ampl\u00eden su visi\u00f3n del mundo.<\/p>\n\n\n\n<p>En la sesi\u00f3n se inform\u00f3 que el grupo de estudiantes saldr\u00e1 de Ciudad Victoria rumbo a la ciudad de Vancouver, Canad\u00e1. Su estancia comprender\u00e1 del 6 al 22 de julio, periodo en el que vivir\u00e1n una experiencia acad\u00e9mica y cultural intensiva en la Universidad de Victoria, donde tendr\u00e1n acceso a clases de idiomas, alojamiento en dormitorios universitarios, alimentaci\u00f3n, actividades extracurriculares y transporte interno.<\/p>\n\n\n\n<p>El grupo est\u00e1 conformado por estudiantes de entre 14 y 18 a\u00f1os, con diversos niveles de dominio en ingl\u00e9s y franc\u00e9s, siendo esta la primera vez que el CeINA re\u00fane a un n\u00famero tan significativo de participantes para una experiencia internacional de esta magnitud.<\/p>\n\n\n\n<p>El programa contempla una serie de din\u00e1micas dise\u00f1adas para fomentar el uso exclusivo del idioma ingl\u00e9s o franc\u00e9s como v\u00eda de comunicaci\u00f3n mediante actividades culturales y recreativas que incluyen paseos, visitas a sitios tur\u00edsticos, din\u00e1micas grupales y retos ling\u00fc\u00edsticos, todo orientado a fortalecer sus competencias comunicativas e interculturales.<\/p>\n\n\n\n<p>Adem\u00e1s, convivir\u00e1n con estudiantes de otras nacionalidades como Jap\u00f3n y China, lo que propicia un entorno aut\u00e9nticamente internacional.<\/p>\n\n\n\n<p>El grupo ser\u00e1 acompa\u00f1ado por un instructor acad\u00e9mico y un integrante del personal administrativo del CeINA, quienes mantendr\u00e1n contacto permanente con las familias y supervisar\u00e1n el desarrollo del itinerario.<\/p>\n\n\n\n<figure class=\"wp-block-image\"><img decoding=\"async\" src=\"https:\/\/www.uat.edu.mx\/noticias\/PublishingImages\/2024\/05\/1_GRS288.jpg\" alt=\"\"\/><\/figure>\n\n\n\n<p><\/p>\n","protected":false},"excerpt":{"rendered":"<p>22 de junio del 2025 &#8220;&nbsp;La Universidad Aut\u00f3noma de Tamaulipas, a trav\u00e9s del Centro de Idiomas para la Ni\u00f1ez y la Adolescencia (CeINA), y con el respaldo de Familia UAT, impulsa el programa Verano en Canad\u00e1, que permitir\u00e1 a 19 estudiantes de esta instituci\u00f3n educativa practicar un segundo idioma en un entorno real.&nbsp;&#8220; \u200b Ciudad [&hellip;]<\/p>\n","protected":false},"author":1,"featured_media":4703,"comment_status":"open","ping_status":"open","sticky":false,"template":"","format":"standard","meta":{"footnotes":""},"categories":[4],"tags":[],"class_list":["post-4702","post","type-post","status-publish","format-standard","has-post-thumbnail","hentry","category-universidades"],"blog_post_layout_featured_media_urls":{"thumbnail":["https:\/\/elregionaldigital.info\/wp-content\/uploads\/2025\/06\/2_GRS288-5-150x150.jpg",150,150,true],"full":["https:\/\/elregionaldigital.info\/wp-content\/uploads\/2025\/06\/2_GRS288-5.jpg",900,506,false]},"categories_names":{"4":{"name":"Universidades","link":"https:\/\/elregionaldigital.info\/?cat=4"}},"tags_names":[],"comments_number":"0","wpmagazine_modules_lite_featured_media_urls":{"thumbnail":["https:\/\/elregionaldigital.info\/wp-content\/uploads\/2025\/06\/2_GRS288-5-150x150.jpg",150,150,true],"cvmm-medium":["https:\/\/elregionaldigital.info\/wp-content\/uploads\/2025\/06\/2_GRS288-5-300x300.jpg",300,300,true],"cvmm-medium-plus":["https:\/\/elregionaldigital.info\/wp-content\/uploads\/2025\/06\/2_GRS288-5-305x207.jpg",305,207,true],"cvmm-portrait":["https:\/\/elregionaldigital.info\/wp-content\/uploads\/2025\/06\/2_GRS288-5-400x506.jpg",400,506,true],"cvmm-medium-square":["https:\/\/elregionaldigital.info\/wp-content\/uploads\/2025\/06\/2_GRS288-5-600x506.jpg",600,506,true],"cvmm-large":["https:\/\/elregionaldigital.info\/wp-content\/uploads\/2025\/06\/2_GRS288-5.jpg",900,506,false],"cvmm-small":["https:\/\/elregionaldigital.info\/wp-content\/uploads\/2025\/06\/2_GRS288-5-130x95.jpg",130,95,true],"full":["https:\/\/elregionaldigital.info\/wp-content\/uploads\/2025\/06\/2_GRS288-5.jpg",900,506,false]},"_links":{"self":[{"href":"https:\/\/elregionaldigital.info\/index.php?rest_route=\/wp\/v2\/posts\/4702","targetHints":{"allow":["GET"]}}],"collection":[{"href":"https:\/\/elregionaldigital.info\/index.php?rest_route=\/wp\/v2\/posts"}],"about":[{"href":"https:\/\/elregionaldigital.info\/index.php?rest_route=\/wp\/v2\/types\/post"}],"author":[{"embeddable":true,"href":"https:\/\/elregionaldigital.info\/index.php?rest_route=\/wp\/v2\/users\/1"}],"replies":[{"embeddable":true,"href":"https:\/\/elregionaldigital.info\/index.php?rest_route=%2Fwp%2Fv2%2Fcomments&post=4702"}],"version-history":[{"count":1,"href":"https:\/\/elregionaldigital.info\/index.php?rest_route=\/wp\/v2\/posts\/4702\/revisions"}],"predecessor-version":[{"id":4704,"href":"https:\/\/elregionaldigital.info\/index.php?rest_route=\/wp\/v2\/posts\/4702\/revisions\/4704"}],"wp:featuredmedia":[{"embeddable":true,"href":"https:\/\/elregionaldigital.info\/index.php?rest_route=\/wp\/v2\/media\/4703"}],"wp:attachment":[{"href":"https:\/\/elregionaldigital.info\/index.php?rest_route=%2Fwp%2Fv2%2Fmedia&parent=4702"}],"wp:term":[{"taxonomy":"category","embeddable":true,"href":"https:\/\/elregionaldigital.info\/index.php?rest_route=%2Fwp%2Fv2%2Fcategories&post=4702"},{"taxonomy":"post_tag","embeddable":true,"href":"https:\/\/elregionaldigital.info\/index.php?rest_route=%2Fwp%2Fv2%2Ftags&post=4702"}],"curies":[{"name":"wp","href":"https:\/\/api.w.org\/{rel}","templated":true}]}}