{"id":4681,"date":"2025-06-17T17:09:25","date_gmt":"2025-06-17T17:09:25","guid":{"rendered":"https:\/\/elregionaldigital.info\/?p=4681"},"modified":"2025-06-19T17:11:29","modified_gmt":"2025-06-19T17:11:29","slug":"salvamento-arqueologico-recupera-en-tiestos-y-restos-materiales-500-anos-de-historia-veracruzana","status":"publish","type":"post","link":"https:\/\/elregionaldigital.info\/?p=4681","title":{"rendered":"Salvamento arqueol\u00f3gico recupera, en tiestos y restos materiales, 500 a\u00f1os de historia veracruzana"},"content":{"rendered":"\n<p>17 de junio del 2025<\/p>\n\n\n\n<p>En 2024, autoridades del Ayuntamiento de Veracruz iniciaron un proyecto de rescate integral del Centro Hist\u00f3rico de esta ciudad, mismo que, acompa\u00f1ado desde entonces por el Instituto Nacional de Antropolog\u00eda e Historia (INAH), ha permitido localizar diversos contextos arqueol\u00f3gicos, que permitir\u00e1n reconstruir con detalle m\u00e1s de cinco siglos de historia y vida cotidiana.<\/p>\n\n\n\n<p>El alcance del salvamento arqueol\u00f3gico es amplio, toda vez que traza una v\u00eda paralela de 970 y 971 metros lineales sobre las avenidas Independencia y 5 de Mayo, respectivamente; arterias que atraviesan de noroeste a sureste el primer cuadro de la urbe, desde la calle Jos\u00e9 Montesinos hasta Ignacio L\u00f3pez Ray\u00f3n.<\/p>\n\n\n\n<p>Al brindar un balance del proyecto, su titular, Judith Hern\u00e1ndez Aranda, arque\u00f3loga adscrita al Centro INAH Veracruz, explica que los frentes de excavaci\u00f3n que se han abierto para supervisar las obras -de sustituci\u00f3n de drenaje sanitario y pluvial, l\u00edneas de agua potable e infraestructura el\u00e9ctrica, de comunicaci\u00f3n y fibra \u00f3ptica- son asomos al devenir de la ciudad, entre los siglos XVI y XXI.<\/p>\n\n\n\n<p>Si bien, explica,\u00a0Veracruz tuvo su tercer asentamiento al margen del r\u00edo Huitzilapan, en la comunidad conocida como La Antigua \u2013que reci\u00e9n fue declarada Zona de Monumentos Hist\u00f3ricos, por la presidenta Claudia Sheinbaum\u2013, se mud\u00f3 a su ubicaci\u00f3n actual a finales del siglo XVI e inicios del XVII; en las excavaciones arqueol\u00f3gicas se ha recuperado cer\u00e1mica que denota una intensa ocupaci\u00f3n en los terrenos cercanos a la plaza principal, desde inicios del contacto hispano.<\/p>\n\n\n\n<p>En abril pasado, como parte del salvamento en cuesti\u00f3n, se localizaron restos arquitect\u00f3nicos, entre las calles 5 de Mayo y Constituci\u00f3n, a la altura del Templo de Nuestra Se\u00f1ora de los Dolores, conocido como La Pastora, que corresponden a una parte de la cimentaci\u00f3n de los muros que custodiaban la Puerta de M\u00e9xico.<\/p>\n\n\n\n<p>Cabe recordar que, durante la \u00e9poca virreinal y parte del siglo XIX, la ciudad de Veracruz estuvo amurallada y solo se pod\u00eda ingresar a ella por mar o mediante un reducido n\u00famero de accesos terrestres, como el citado, cuyo nombre alude a que era la puerta a la que acud\u00edan quienes tomaban rumbo a la Ciudad de M\u00e9xico.<\/p>\n\n\n\n<figure class=\"wp-block-image size-full\"><img loading=\"lazy\" decoding=\"async\" width=\"992\" height=\"595\" src=\"https:\/\/elregionaldigital.info\/wp-content\/uploads\/2025\/06\/image-4.png\" alt=\"\" class=\"wp-image-4682\" srcset=\"https:\/\/elregionaldigital.info\/wp-content\/uploads\/2025\/06\/image-4.png 992w, https:\/\/elregionaldigital.info\/wp-content\/uploads\/2025\/06\/image-4-300x180.png 300w, https:\/\/elregionaldigital.info\/wp-content\/uploads\/2025\/06\/image-4-768x461.png 768w\" sizes=\"auto, (max-width: 992px) 100vw, 992px\" \/><\/figure>\n\n\n\n<p><\/p>\n","protected":false},"excerpt":{"rendered":"<p>17 de junio del 2025 En 2024, autoridades del Ayuntamiento de Veracruz iniciaron un proyecto de rescate integral del Centro Hist\u00f3rico de esta ciudad, mismo que, acompa\u00f1ado desde entonces por el Instituto Nacional de Antropolog\u00eda e Historia (INAH), ha permitido localizar diversos contextos arqueol\u00f3gicos, que permitir\u00e1n reconstruir con detalle m\u00e1s de cinco siglos de historia [&hellip;]<\/p>\n","protected":false},"author":1,"featured_media":4682,"comment_status":"open","ping_status":"open","sticky":false,"template":"","format":"standard","meta":{"footnotes":""},"categories":[3],"tags":[],"class_list":["post-4681","post","type-post","status-publish","format-standard","has-post-thumbnail","hentry","category-entretenimiento"],"blog_post_layout_featured_media_urls":{"thumbnail":["https:\/\/elregionaldigital.info\/wp-content\/uploads\/2025\/06\/image-4-150x150.png",150,150,true],"full":["https:\/\/elregionaldigital.info\/wp-content\/uploads\/2025\/06\/image-4.png",992,595,false]},"categories_names":{"3":{"name":"Entretenimiento","link":"https:\/\/elregionaldigital.info\/?cat=3"}},"tags_names":[],"comments_number":"0","wpmagazine_modules_lite_featured_media_urls":{"thumbnail":["https:\/\/elregionaldigital.info\/wp-content\/uploads\/2025\/06\/image-4-150x150.png",150,150,true],"cvmm-medium":["https:\/\/elregionaldigital.info\/wp-content\/uploads\/2025\/06\/image-4-300x300.png",300,300,true],"cvmm-medium-plus":["https:\/\/elregionaldigital.info\/wp-content\/uploads\/2025\/06\/image-4-305x207.png",305,207,true],"cvmm-portrait":["https:\/\/elregionaldigital.info\/wp-content\/uploads\/2025\/06\/image-4-400x595.png",400,595,true],"cvmm-medium-square":["https:\/\/elregionaldigital.info\/wp-content\/uploads\/2025\/06\/image-4-600x595.png",600,595,true],"cvmm-large":["https:\/\/elregionaldigital.info\/wp-content\/uploads\/2025\/06\/image-4.png",992,595,false],"cvmm-small":["https:\/\/elregionaldigital.info\/wp-content\/uploads\/2025\/06\/image-4-130x95.png",130,95,true],"full":["https:\/\/elregionaldigital.info\/wp-content\/uploads\/2025\/06\/image-4.png",992,595,false]},"_links":{"self":[{"href":"https:\/\/elregionaldigital.info\/index.php?rest_route=\/wp\/v2\/posts\/4681","targetHints":{"allow":["GET"]}}],"collection":[{"href":"https:\/\/elregionaldigital.info\/index.php?rest_route=\/wp\/v2\/posts"}],"about":[{"href":"https:\/\/elregionaldigital.info\/index.php?rest_route=\/wp\/v2\/types\/post"}],"author":[{"embeddable":true,"href":"https:\/\/elregionaldigital.info\/index.php?rest_route=\/wp\/v2\/users\/1"}],"replies":[{"embeddable":true,"href":"https:\/\/elregionaldigital.info\/index.php?rest_route=%2Fwp%2Fv2%2Fcomments&post=4681"}],"version-history":[{"count":1,"href":"https:\/\/elregionaldigital.info\/index.php?rest_route=\/wp\/v2\/posts\/4681\/revisions"}],"predecessor-version":[{"id":4683,"href":"https:\/\/elregionaldigital.info\/index.php?rest_route=\/wp\/v2\/posts\/4681\/revisions\/4683"}],"wp:featuredmedia":[{"embeddable":true,"href":"https:\/\/elregionaldigital.info\/index.php?rest_route=\/wp\/v2\/media\/4682"}],"wp:attachment":[{"href":"https:\/\/elregionaldigital.info\/index.php?rest_route=%2Fwp%2Fv2%2Fmedia&parent=4681"}],"wp:term":[{"taxonomy":"category","embeddable":true,"href":"https:\/\/elregionaldigital.info\/index.php?rest_route=%2Fwp%2Fv2%2Fcategories&post=4681"},{"taxonomy":"post_tag","embeddable":true,"href":"https:\/\/elregionaldigital.info\/index.php?rest_route=%2Fwp%2Fv2%2Ftags&post=4681"}],"curies":[{"name":"wp","href":"https:\/\/api.w.org\/{rel}","templated":true}]}}