{"id":4675,"date":"2025-06-18T17:07:28","date_gmt":"2025-06-18T17:07:28","guid":{"rendered":"https:\/\/elregionaldigital.info\/?p=4675"},"modified":"2025-06-19T17:08:07","modified_gmt":"2025-06-19T17:08:07","slug":"entrega-rector-equipamiento-en-la-facultad-de-ciencias-de-la-educacion-y-humanidades","status":"publish","type":"post","link":"https:\/\/elregionaldigital.info\/?p=4675","title":{"rendered":"Entrega rector equipamiento en la Facultad de Ciencias de la Educaci\u00f3n y Humanidades"},"content":{"rendered":"\n<p>18 de junio del 2025<\/p>\n\n\n\n<p><strong>&#8220;<\/strong>&nbsp;El rector D\u00e1maso Anaya Alvarado llev\u00f3 a cabo un recorrido por la Facultad de Ciencias de la Educaci\u00f3n y Humanidades (FCEH) del Campus Victoria, donde realiz\u00f3 diversas actividades, entre ellas, encabez\u00f3 la reuni\u00f3n del Colegio de Directores de la Universidad Aut\u00f3noma de Tamaulipas (UAT), entreg\u00f3 equipo tecnol\u00f3gico de vanguardia y supervis\u00f3 espacios acad\u00e9micos y deportivos de este plantel universitario.&nbsp;<strong>&#8220;<\/strong><\/p>\n\n\n\n<p>\u200b<\/p>\n\n\n\n<p>Ciudad Victoria, Tam., 18 de junio de 2025.<\/p>\n\n\n\n<p>Acompa\u00f1ado por la directora de la FCEH, Elsa Fernanda Gonz\u00e1lez Quintero, el rector de la UAT constat\u00f3 los avances de las diversas \u00e1reas estrat\u00e9gicas y dialog\u00f3 con el personal acad\u00e9mico, administrativo y estudiantes deportistas de esta instituci\u00f3n, reafirmando su compromiso de impulsar acciones que fortalezcan la calidad acad\u00e9mica y los entornos para la formaci\u00f3n integral del alumnado.<\/p>\n\n\n\n<p>Como primer punto del recorrido, visit\u00f3 la cancha de futbol r\u00e1pido de la Facultad, en donde se plantea el proyecto de adecuaci\u00f3n y mejoramiento de infraestructura.<\/p>\n\n\n\n<p>Posteriormente, en la Sala de Usos M\u00faltiples se present\u00f3 el funcionamiento de tres nuevas pantallas inteligentes que fortalecen los procesos de ense\u00f1anza-aprendizaje mediante soluciones tecnol\u00f3gicas integrales para clases virtuales, videoconferencias y trabajo interactivo.<\/p>\n\n\n\n<p>M\u00e1s adelante, D\u00e1maso Anaya encabez\u00f3 la entrega simb\u00f3lica de 30 equipos de c\u00f3mputo, de los cuales 25 fueron asignados al Centro de C\u00f3mputo y 5 al Laboratorio de Idiomas.<\/p>\n\n\n\n<p>Tambi\u00e9n constat\u00f3 el trabajo que realiza el Centro de Auto Acceso, que opera en vinculaci\u00f3n con el programa institucional de ingl\u00e9s y la Licenciatura en Ling\u00fc\u00edstica Aplicada.<\/p>\n\n\n\n<p>Luego del recorrido, el rector presidi\u00f3 la reuni\u00f3n del Colegio de Directores con las y los titulares de las 27 dependencias acad\u00e9micas de la UAT, en donde se abordaron diferentes temas para el fortalecimiento integral de la instituci\u00f3n y de sus facultades, unidades acad\u00e9micas y escuelas preparatorias.<\/p>\n\n\n\n<figure class=\"wp-block-image\"><img decoding=\"async\" src=\"https:\/\/www.uat.edu.mx\/noticias\/PublishingImages\/2024\/05\/2_QZE357.jpg\" alt=\"\"\/><\/figure>\n","protected":false},"excerpt":{"rendered":"<p>18 de junio del 2025 &#8220;&nbsp;El rector D\u00e1maso Anaya Alvarado llev\u00f3 a cabo un recorrido por la Facultad de Ciencias de la Educaci\u00f3n y Humanidades (FCEH) del Campus Victoria, donde realiz\u00f3 diversas actividades, entre ellas, encabez\u00f3 la reuni\u00f3n del Colegio de Directores de la Universidad Aut\u00f3noma de Tamaulipas (UAT), entreg\u00f3 equipo tecnol\u00f3gico de vanguardia y [&hellip;]<\/p>\n","protected":false},"author":1,"featured_media":4676,"comment_status":"open","ping_status":"open","sticky":false,"template":"","format":"standard","meta":{"footnotes":""},"categories":[4],"tags":[],"class_list":["post-4675","post","type-post","status-publish","format-standard","has-post-thumbnail","hentry","category-universidades"],"blog_post_layout_featured_media_urls":{"thumbnail":["https:\/\/elregionaldigital.info\/wp-content\/uploads\/2025\/06\/2_QZE357-150x150.jpg",150,150,true],"full":["https:\/\/elregionaldigital.info\/wp-content\/uploads\/2025\/06\/2_QZE357.jpg",900,599,false]},"categories_names":{"4":{"name":"Universidades","link":"https:\/\/elregionaldigital.info\/?cat=4"}},"tags_names":[],"comments_number":"0","wpmagazine_modules_lite_featured_media_urls":{"thumbnail":["https:\/\/elregionaldigital.info\/wp-content\/uploads\/2025\/06\/2_QZE357-150x150.jpg",150,150,true],"cvmm-medium":["https:\/\/elregionaldigital.info\/wp-content\/uploads\/2025\/06\/2_QZE357-300x300.jpg",300,300,true],"cvmm-medium-plus":["https:\/\/elregionaldigital.info\/wp-content\/uploads\/2025\/06\/2_QZE357-305x207.jpg",305,207,true],"cvmm-portrait":["https:\/\/elregionaldigital.info\/wp-content\/uploads\/2025\/06\/2_QZE357-400x599.jpg",400,599,true],"cvmm-medium-square":["https:\/\/elregionaldigital.info\/wp-content\/uploads\/2025\/06\/2_QZE357-600x599.jpg",600,599,true],"cvmm-large":["https:\/\/elregionaldigital.info\/wp-content\/uploads\/2025\/06\/2_QZE357.jpg",900,599,false],"cvmm-small":["https:\/\/elregionaldigital.info\/wp-content\/uploads\/2025\/06\/2_QZE357-130x95.jpg",130,95,true],"full":["https:\/\/elregionaldigital.info\/wp-content\/uploads\/2025\/06\/2_QZE357.jpg",900,599,false]},"_links":{"self":[{"href":"https:\/\/elregionaldigital.info\/index.php?rest_route=\/wp\/v2\/posts\/4675","targetHints":{"allow":["GET"]}}],"collection":[{"href":"https:\/\/elregionaldigital.info\/index.php?rest_route=\/wp\/v2\/posts"}],"about":[{"href":"https:\/\/elregionaldigital.info\/index.php?rest_route=\/wp\/v2\/types\/post"}],"author":[{"embeddable":true,"href":"https:\/\/elregionaldigital.info\/index.php?rest_route=\/wp\/v2\/users\/1"}],"replies":[{"embeddable":true,"href":"https:\/\/elregionaldigital.info\/index.php?rest_route=%2Fwp%2Fv2%2Fcomments&post=4675"}],"version-history":[{"count":1,"href":"https:\/\/elregionaldigital.info\/index.php?rest_route=\/wp\/v2\/posts\/4675\/revisions"}],"predecessor-version":[{"id":4677,"href":"https:\/\/elregionaldigital.info\/index.php?rest_route=\/wp\/v2\/posts\/4675\/revisions\/4677"}],"wp:featuredmedia":[{"embeddable":true,"href":"https:\/\/elregionaldigital.info\/index.php?rest_route=\/wp\/v2\/media\/4676"}],"wp:attachment":[{"href":"https:\/\/elregionaldigital.info\/index.php?rest_route=%2Fwp%2Fv2%2Fmedia&parent=4675"}],"wp:term":[{"taxonomy":"category","embeddable":true,"href":"https:\/\/elregionaldigital.info\/index.php?rest_route=%2Fwp%2Fv2%2Fcategories&post=4675"},{"taxonomy":"post_tag","embeddable":true,"href":"https:\/\/elregionaldigital.info\/index.php?rest_route=%2Fwp%2Fv2%2Ftags&post=4675"}],"curies":[{"name":"wp","href":"https:\/\/api.w.org\/{rel}","templated":true}]}}