{"id":4671,"date":"2025-06-10T17:53:40","date_gmt":"2025-06-10T17:53:40","guid":{"rendered":"https:\/\/elregionaldigital.info\/?p=4671"},"modified":"2025-06-18T17:55:48","modified_gmt":"2025-06-18T17:55:48","slug":"belinda-llega-a-amazon-prime-con-el-estreno-de-mentiras-el-iconico-musical-fecha-de-estreno-y-reparto","status":"publish","type":"post","link":"https:\/\/elregionaldigital.info\/?p=4671","title":{"rendered":"Belinda llega a Amazon Prime con el estreno de Mentiras, el ic\u00f3nico musical; fecha de estreno y reparto"},"content":{"rendered":"\n<p>10 de junio del 2025<\/p>\n\n\n\n<p>\u00bfListos para descubrir la verdad? No te pierdas en junio, el estreno de Mentiras, la nueva serie de Amazon Prime protagonizada por la cantante Belinda.<\/p>\n\n\n\n<p><strong>Belinda<\/strong>\u00a0regresa a la pantalla chica con el\u00a0<strong>estreno de Mentiras<\/strong>, la esperada\u00a0<strong>serie de Amazon Prime<\/strong>, que est\u00e1 inspirada en el exitoso\u00a0<strong>musical mexicano<\/strong>\u00a0creado por\u00a0<strong>Jos\u00e9 Manuel L\u00f3pez Valverde.<\/strong><\/p>\n\n\n\n<h2 class=\"wp-block-heading\">\u00bfDe qu\u00e9 va Mentiras, la nueva serie protagonizada por Belinda?<\/h2>\n\n\n\n<p><strong>Mentiras es un exitoso musical<\/strong>&nbsp;que ha ganado fama mundial y, que en junio,&nbsp;<strong>llega a la plataforma de streaming de Amazon Prime<\/strong>, con un reparto de lujo liderado por&nbsp;<strong>Belinda<\/strong>&nbsp;(Daniela),&nbsp;<strong>Regina Bland\u00f3n<\/strong>&nbsp;(Yuri), Luis&nbsp;<strong>Gerardo M\u00e9ndez<\/strong>&nbsp;(Emmanuel),&nbsp;<strong>Mariana Trevi\u00f1o<\/strong>&nbsp;(Lupita) y&nbsp;<strong>Diana Bovio<\/strong>&nbsp;(Dulce).<\/p>\n\n\n\n<p>La serie inspirada en la exitosa obra de teatro, relata la historia de&nbsp;<strong>cuatro mujeres mujeres suaves como gaviotas&#8230; pero felinas como leonas<\/strong>, que se encuentran en el&nbsp;<strong>funeral de Emmanuel<\/strong>, ah\u00ed descubren que el difunto&nbsp;<strong>ten\u00eda una relaci\u00f3n amorosa con cada una de ellas<\/strong>, al mismo tiempo.<\/p>\n\n\n\n<p>Esta situaci\u00f3n,\u00a0<strong>convierte a Daniela, Yuri, Lupita y Dulce en sospechosas de la muerte de Emmanuel.<\/strong>\u00a0Las cuatro tendr\u00e1n que enfrentar una serie de eventos que ayudar\u00e1n a los espectadores a adentrarse en la vida de cada una de ellas, para tratar de\u00a0<strong>descubrir qu\u00e9 fue lo que le pas\u00f3 a Emmanuel.<\/strong><\/p>\n\n\n\n<figure class=\"wp-block-image size-full\"><img loading=\"lazy\" decoding=\"async\" width=\"992\" height=\"565\" src=\"https:\/\/elregionaldigital.info\/wp-content\/uploads\/2025\/06\/image-2.png\" alt=\"\" class=\"wp-image-4672\" srcset=\"https:\/\/elregionaldigital.info\/wp-content\/uploads\/2025\/06\/image-2.png 992w, https:\/\/elregionaldigital.info\/wp-content\/uploads\/2025\/06\/image-2-300x171.png 300w, https:\/\/elregionaldigital.info\/wp-content\/uploads\/2025\/06\/image-2-768x437.png 768w\" sizes=\"auto, (max-width: 992px) 100vw, 992px\" \/><\/figure>\n","protected":false},"excerpt":{"rendered":"<p>10 de junio del 2025 \u00bfListos para descubrir la verdad? No te pierdas en junio, el estreno de Mentiras, la nueva serie de Amazon Prime protagonizada por la cantante Belinda. Belinda\u00a0regresa a la pantalla chica con el\u00a0estreno de Mentiras, la esperada\u00a0serie de Amazon Prime, que est\u00e1 inspirada en el exitoso\u00a0musical mexicano\u00a0creado por\u00a0Jos\u00e9 Manuel L\u00f3pez Valverde. [&hellip;]<\/p>\n","protected":false},"author":1,"featured_media":4673,"comment_status":"open","ping_status":"open","sticky":false,"template":"","format":"standard","meta":{"footnotes":""},"categories":[3],"tags":[],"class_list":["post-4671","post","type-post","status-publish","format-standard","has-post-thumbnail","hentry","category-entretenimiento"],"blog_post_layout_featured_media_urls":{"thumbnail":["https:\/\/elregionaldigital.info\/wp-content\/uploads\/2025\/06\/descarga-1-150x150.webp",150,150,true],"full":["https:\/\/elregionaldigital.info\/wp-content\/uploads\/2025\/06\/descarga-1.webp",992,565,false]},"categories_names":{"3":{"name":"Entretenimiento","link":"https:\/\/elregionaldigital.info\/?cat=3"}},"tags_names":[],"comments_number":"0","wpmagazine_modules_lite_featured_media_urls":{"thumbnail":["https:\/\/elregionaldigital.info\/wp-content\/uploads\/2025\/06\/descarga-1-150x150.webp",150,150,true],"cvmm-medium":["https:\/\/elregionaldigital.info\/wp-content\/uploads\/2025\/06\/descarga-1-300x300.webp",300,300,true],"cvmm-medium-plus":["https:\/\/elregionaldigital.info\/wp-content\/uploads\/2025\/06\/descarga-1-305x207.webp",305,207,true],"cvmm-portrait":["https:\/\/elregionaldigital.info\/wp-content\/uploads\/2025\/06\/descarga-1-400x565.webp",400,565,true],"cvmm-medium-square":["https:\/\/elregionaldigital.info\/wp-content\/uploads\/2025\/06\/descarga-1-600x565.webp",600,565,true],"cvmm-large":["https:\/\/elregionaldigital.info\/wp-content\/uploads\/2025\/06\/descarga-1.webp",992,565,false],"cvmm-small":["https:\/\/elregionaldigital.info\/wp-content\/uploads\/2025\/06\/descarga-1-130x95.webp",130,95,true],"full":["https:\/\/elregionaldigital.info\/wp-content\/uploads\/2025\/06\/descarga-1.webp",992,565,false]},"_links":{"self":[{"href":"https:\/\/elregionaldigital.info\/index.php?rest_route=\/wp\/v2\/posts\/4671","targetHints":{"allow":["GET"]}}],"collection":[{"href":"https:\/\/elregionaldigital.info\/index.php?rest_route=\/wp\/v2\/posts"}],"about":[{"href":"https:\/\/elregionaldigital.info\/index.php?rest_route=\/wp\/v2\/types\/post"}],"author":[{"embeddable":true,"href":"https:\/\/elregionaldigital.info\/index.php?rest_route=\/wp\/v2\/users\/1"}],"replies":[{"embeddable":true,"href":"https:\/\/elregionaldigital.info\/index.php?rest_route=%2Fwp%2Fv2%2Fcomments&post=4671"}],"version-history":[{"count":1,"href":"https:\/\/elregionaldigital.info\/index.php?rest_route=\/wp\/v2\/posts\/4671\/revisions"}],"predecessor-version":[{"id":4674,"href":"https:\/\/elregionaldigital.info\/index.php?rest_route=\/wp\/v2\/posts\/4671\/revisions\/4674"}],"wp:featuredmedia":[{"embeddable":true,"href":"https:\/\/elregionaldigital.info\/index.php?rest_route=\/wp\/v2\/media\/4673"}],"wp:attachment":[{"href":"https:\/\/elregionaldigital.info\/index.php?rest_route=%2Fwp%2Fv2%2Fmedia&parent=4671"}],"wp:term":[{"taxonomy":"category","embeddable":true,"href":"https:\/\/elregionaldigital.info\/index.php?rest_route=%2Fwp%2Fv2%2Fcategories&post=4671"},{"taxonomy":"post_tag","embeddable":true,"href":"https:\/\/elregionaldigital.info\/index.php?rest_route=%2Fwp%2Fv2%2Ftags&post=4671"}],"curies":[{"name":"wp","href":"https:\/\/api.w.org\/{rel}","templated":true}]}}