{"id":4661,"date":"2025-06-13T17:19:50","date_gmt":"2025-06-13T17:19:50","guid":{"rendered":"https:\/\/elregionaldigital.info\/?p=4661"},"modified":"2025-06-16T17:22:29","modified_gmt":"2025-06-16T17:22:29","slug":"entregan-americo-y-maria-de-villarreal-la-segunda-etapa-de-la-remodelacion-de-casa-san-antonio","status":"publish","type":"post","link":"https:\/\/elregionaldigital.info\/?p=4661","title":{"rendered":"Entregan Am\u00e9rico y Mar\u00eda de Villarreal la segunda etapa de la remodelaci\u00f3n de Casa San Antonio"},"content":{"rendered":"\n<p>Junio 13 de 2025<\/p>\n\n\n\n<p>Ciudad Victoria, Tamaulipas. Cumpliendo el compromiso de mejorar las condiciones de atenci\u00f3n, cuidado y bienestar de las y los residentes del centro asistencial Casa San Antonio, el gobernador Am\u00e9rico Villarreal Anaya y la doctora Mar\u00eda de Villarreal, presidenta del DIF Tamaulipas, llevaron a cabo la entrega de la segunda etapa de la remodelaci\u00f3n de este espacio que alberga a cerca de cien ni\u00f1os y adultos con discapacidad motriz y neurol\u00f3gica, quienes diariamente reciben atenci\u00f3n especializada.<\/p>\n\n\n\n<p>\u201cMe da mucho gusto que les est\u00e9 yendo bien a los habitantes de Casa San Antonio, porque si les va bien a ellos, es muy seguro que tambi\u00e9n nos vaya bien a nosotros\u201d, expres\u00f3 el mandatario estatal durante la entrega de la rehabilitaci\u00f3n de la capilla del centro.<\/p>\n\n\n\n<p>En este mismo acto, se devel\u00f3 una placa en reconocimiento a las se\u00f1oras Beatriz Anaya de Villarreal, Cecilia Villarreal Anaya y Alfonsina Longo, precursoras de Casa San Antonio, inaugurada en el a\u00f1o de 1990.<\/p>\n\n\n\n<p>La remodelaci\u00f3n incluy\u00f3 trabajos complementarios en las instalaciones de gases medicinales, voz y datos, sistema el\u00e9ctrico, as\u00ed como diversos acabados; se construy\u00f3 una techumbre en la cancha deportiva y se llev\u00f3 a cabo la modernizaci\u00f3n del acceso al centro, a trav\u00e9s de una inversi\u00f3n de m\u00e1s de 27 millones de pesos, con apoyo de la Secretar\u00eda de Obras P\u00fablicas del Gobierno del Estado.<\/p>\n\n\n\n<p>Durante el evento, el gobernador y su esposa celebraron tambi\u00e9n los XV a\u00f1os de cuatro residentes del centro, con una misa y una convivencia especial, en lo que ya se ha convertido en una tradici\u00f3n que llena de alegr\u00eda tanto a los festejados como a quienes los visitan con generosidad y compromiso.<\/p>\n\n\n\n<p>Esta segunda etapa de ampliaci\u00f3n y remodelaci\u00f3n de la Casa San Antonio representa un paso firme hacia la mejora continua de las condiciones f\u00edsicas y operativas de este espacio, contribuyendo directamente al bienestar de sus residentes y reforzando el compromiso institucional con una asistencia social de calidad, basada en el amor y el verdadero humanismo.<\/p>\n\n\n\n<figure class=\"wp-block-image size-full\"><img loading=\"lazy\" decoding=\"async\" width=\"850\" height=\"500\" src=\"https:\/\/elregionaldigital.info\/wp-content\/uploads\/2025\/06\/image-1.png\" alt=\"\" class=\"wp-image-4662\" srcset=\"https:\/\/elregionaldigital.info\/wp-content\/uploads\/2025\/06\/image-1.png 850w, https:\/\/elregionaldigital.info\/wp-content\/uploads\/2025\/06\/image-1-300x176.png 300w, https:\/\/elregionaldigital.info\/wp-content\/uploads\/2025\/06\/image-1-768x452.png 768w\" sizes=\"auto, (max-width: 850px) 100vw, 850px\" \/><\/figure>\n","protected":false},"excerpt":{"rendered":"<p>Junio 13 de 2025 Ciudad Victoria, Tamaulipas. Cumpliendo el compromiso de mejorar las condiciones de atenci\u00f3n, cuidado y bienestar de las y los residentes del centro asistencial Casa San Antonio, el gobernador Am\u00e9rico Villarreal Anaya y la doctora Mar\u00eda de Villarreal, presidenta del DIF Tamaulipas, llevaron a cabo la entrega de la segunda etapa de [&hellip;]<\/p>\n","protected":false},"author":1,"featured_media":4662,"comment_status":"open","ping_status":"open","sticky":false,"template":"","format":"standard","meta":{"footnotes":""},"categories":[2],"tags":[],"class_list":["post-4661","post","type-post","status-publish","format-standard","has-post-thumbnail","hentry","category-tamaulipas"],"blog_post_layout_featured_media_urls":{"thumbnail":["https:\/\/elregionaldigital.info\/wp-content\/uploads\/2025\/06\/image-1-150x150.png",150,150,true],"full":["https:\/\/elregionaldigital.info\/wp-content\/uploads\/2025\/06\/image-1.png",850,500,false]},"categories_names":{"2":{"name":"Tamaulipas","link":"https:\/\/elregionaldigital.info\/?cat=2"}},"tags_names":[],"comments_number":"0","wpmagazine_modules_lite_featured_media_urls":{"thumbnail":["https:\/\/elregionaldigital.info\/wp-content\/uploads\/2025\/06\/image-1-150x150.png",150,150,true],"cvmm-medium":["https:\/\/elregionaldigital.info\/wp-content\/uploads\/2025\/06\/image-1-300x300.png",300,300,true],"cvmm-medium-plus":["https:\/\/elregionaldigital.info\/wp-content\/uploads\/2025\/06\/image-1-305x207.png",305,207,true],"cvmm-portrait":["https:\/\/elregionaldigital.info\/wp-content\/uploads\/2025\/06\/image-1-400x500.png",400,500,true],"cvmm-medium-square":["https:\/\/elregionaldigital.info\/wp-content\/uploads\/2025\/06\/image-1-600x500.png",600,500,true],"cvmm-large":["https:\/\/elregionaldigital.info\/wp-content\/uploads\/2025\/06\/image-1.png",850,500,false],"cvmm-small":["https:\/\/elregionaldigital.info\/wp-content\/uploads\/2025\/06\/image-1-130x95.png",130,95,true],"full":["https:\/\/elregionaldigital.info\/wp-content\/uploads\/2025\/06\/image-1.png",850,500,false]},"_links":{"self":[{"href":"https:\/\/elregionaldigital.info\/index.php?rest_route=\/wp\/v2\/posts\/4661","targetHints":{"allow":["GET"]}}],"collection":[{"href":"https:\/\/elregionaldigital.info\/index.php?rest_route=\/wp\/v2\/posts"}],"about":[{"href":"https:\/\/elregionaldigital.info\/index.php?rest_route=\/wp\/v2\/types\/post"}],"author":[{"embeddable":true,"href":"https:\/\/elregionaldigital.info\/index.php?rest_route=\/wp\/v2\/users\/1"}],"replies":[{"embeddable":true,"href":"https:\/\/elregionaldigital.info\/index.php?rest_route=%2Fwp%2Fv2%2Fcomments&post=4661"}],"version-history":[{"count":1,"href":"https:\/\/elregionaldigital.info\/index.php?rest_route=\/wp\/v2\/posts\/4661\/revisions"}],"predecessor-version":[{"id":4663,"href":"https:\/\/elregionaldigital.info\/index.php?rest_route=\/wp\/v2\/posts\/4661\/revisions\/4663"}],"wp:featuredmedia":[{"embeddable":true,"href":"https:\/\/elregionaldigital.info\/index.php?rest_route=\/wp\/v2\/media\/4662"}],"wp:attachment":[{"href":"https:\/\/elregionaldigital.info\/index.php?rest_route=%2Fwp%2Fv2%2Fmedia&parent=4661"}],"wp:term":[{"taxonomy":"category","embeddable":true,"href":"https:\/\/elregionaldigital.info\/index.php?rest_route=%2Fwp%2Fv2%2Fcategories&post=4661"},{"taxonomy":"post_tag","embeddable":true,"href":"https:\/\/elregionaldigital.info\/index.php?rest_route=%2Fwp%2Fv2%2Ftags&post=4661"}],"curies":[{"name":"wp","href":"https:\/\/api.w.org\/{rel}","templated":true}]}}