{"id":4646,"date":"2025-06-11T16:40:00","date_gmt":"2025-06-11T16:40:00","guid":{"rendered":"https:\/\/elregionaldigital.info\/?p=4646"},"modified":"2025-06-12T16:41:03","modified_gmt":"2025-06-12T16:41:03","slug":"correcaminos-uat-sub-17-conquista-torneo-regional-y-avanza-al-nacional-juvenil-de-la-femexfut","status":"publish","type":"post","link":"https:\/\/elregionaldigital.info\/?p=4646","title":{"rendered":"Correcaminos UAT Sub-17 conquista torneo regional y avanza al nacional juvenil de la FEMEXFUT"},"content":{"rendered":"\n<p>11 de junio del 2025<\/p>\n\n\n\n<p><strong>&#8220;<\/strong>&nbsp;El equipo Correcaminos Sub-17 de la Universidad Aut\u00f3noma de Tamaulipas (UAT) se consagr\u00f3 campe\u00f3n regional de la Liga Nacional Juvenil, al imponerse 2 goles por 1 ante Atl\u00e9tico Sorensic en un emocionante encuentro celebrado en la Unidad Deportiva de Cadereyta, Nuevo Le\u00f3n.&nbsp;<strong>&#8220;<\/strong><\/p>\n\n\n\n<p>\u200b<\/p>\n\n\n\n<p>Ciudad Victoria, Tam.; 11 de junio de 2025.<\/p>\n\n\n\n<p>Este triunfo representa un logro deportivo al posicionar a la UAT como un semillero de talento juvenil comprometido con los valores del esfuerzo, el trabajo en equipo y la excelencia.<\/p>\n\n\n\n<p>Bajo la direcci\u00f3n del entrenador Carlos Medina, el conjunto naranja impuso su ritmo desde el primer tiempo, logrando concretar dos anotaciones que fueron determinantes para obtener la victoria y el t\u00edtulo regional.<\/p>\n\n\n\n<p>Gracias a este resultado, Correcaminos Sub-17 asegur\u00f3 su pase al campeonato nacional organizado por la Federaci\u00f3n Mexicana de Futbol, el cual se llevar\u00e1 a cabo del 16 al 20 de junio en Toluca, Estado de M\u00e9xico.<\/p>\n\n\n\n<p>Este nuevo desaf\u00edo representa una oportunidad para que los j\u00f3venes deportistas contin\u00faen su desarrollo y representen dignamente a nuestro estado y a la Universidad Aut\u00f3noma de Tamaulipas a nivel nacional.<\/p>\n\n\n\n<figure class=\"wp-block-image\"><img decoding=\"async\" src=\"https:\/\/www.uat.edu.mx\/noticias\/PublishingImages\/2024\/05\/bjjbnkjn%20(1).jpeg\" alt=\"\"\/><\/figure>\n","protected":false},"excerpt":{"rendered":"<p>11 de junio del 2025 &#8220;&nbsp;El equipo Correcaminos Sub-17 de la Universidad Aut\u00f3noma de Tamaulipas (UAT) se consagr\u00f3 campe\u00f3n regional de la Liga Nacional Juvenil, al imponerse 2 goles por 1 ante Atl\u00e9tico Sorensic en un emocionante encuentro celebrado en la Unidad Deportiva de Cadereyta, Nuevo Le\u00f3n.&nbsp;&#8220; \u200b Ciudad Victoria, Tam.; 11 de junio de [&hellip;]<\/p>\n","protected":false},"author":1,"featured_media":4647,"comment_status":"open","ping_status":"open","sticky":false,"template":"","format":"standard","meta":{"footnotes":""},"categories":[6,4],"tags":[],"class_list":["post-4646","post","type-post","status-publish","format-standard","has-post-thumbnail","hentry","category-deportes","category-universidades"],"blog_post_layout_featured_media_urls":{"thumbnail":["https:\/\/elregionaldigital.info\/wp-content\/uploads\/2025\/06\/bjjbnkjn-3-8-150x150.jpeg",150,150,true],"full":["https:\/\/elregionaldigital.info\/wp-content\/uploads\/2025\/06\/bjjbnkjn-3-8.jpeg",960,1280,false]},"categories_names":{"6":{"name":"Deportes","link":"https:\/\/elregionaldigital.info\/?cat=6"},"4":{"name":"Universidades","link":"https:\/\/elregionaldigital.info\/?cat=4"}},"tags_names":[],"comments_number":"0","wpmagazine_modules_lite_featured_media_urls":{"thumbnail":["https:\/\/elregionaldigital.info\/wp-content\/uploads\/2025\/06\/bjjbnkjn-3-8-150x150.jpeg",150,150,true],"cvmm-medium":["https:\/\/elregionaldigital.info\/wp-content\/uploads\/2025\/06\/bjjbnkjn-3-8-300x300.jpeg",300,300,true],"cvmm-medium-plus":["https:\/\/elregionaldigital.info\/wp-content\/uploads\/2025\/06\/bjjbnkjn-3-8-305x207.jpeg",305,207,true],"cvmm-portrait":["https:\/\/elregionaldigital.info\/wp-content\/uploads\/2025\/06\/bjjbnkjn-3-8-400x600.jpeg",400,600,true],"cvmm-medium-square":["https:\/\/elregionaldigital.info\/wp-content\/uploads\/2025\/06\/bjjbnkjn-3-8-600x600.jpeg",600,600,true],"cvmm-large":["https:\/\/elregionaldigital.info\/wp-content\/uploads\/2025\/06\/bjjbnkjn-3-8-960x1024.jpeg",960,1024,true],"cvmm-small":["https:\/\/elregionaldigital.info\/wp-content\/uploads\/2025\/06\/bjjbnkjn-3-8-130x95.jpeg",130,95,true],"full":["https:\/\/elregionaldigital.info\/wp-content\/uploads\/2025\/06\/bjjbnkjn-3-8.jpeg",960,1280,false]},"_links":{"self":[{"href":"https:\/\/elregionaldigital.info\/index.php?rest_route=\/wp\/v2\/posts\/4646","targetHints":{"allow":["GET"]}}],"collection":[{"href":"https:\/\/elregionaldigital.info\/index.php?rest_route=\/wp\/v2\/posts"}],"about":[{"href":"https:\/\/elregionaldigital.info\/index.php?rest_route=\/wp\/v2\/types\/post"}],"author":[{"embeddable":true,"href":"https:\/\/elregionaldigital.info\/index.php?rest_route=\/wp\/v2\/users\/1"}],"replies":[{"embeddable":true,"href":"https:\/\/elregionaldigital.info\/index.php?rest_route=%2Fwp%2Fv2%2Fcomments&post=4646"}],"version-history":[{"count":1,"href":"https:\/\/elregionaldigital.info\/index.php?rest_route=\/wp\/v2\/posts\/4646\/revisions"}],"predecessor-version":[{"id":4648,"href":"https:\/\/elregionaldigital.info\/index.php?rest_route=\/wp\/v2\/posts\/4646\/revisions\/4648"}],"wp:featuredmedia":[{"embeddable":true,"href":"https:\/\/elregionaldigital.info\/index.php?rest_route=\/wp\/v2\/media\/4647"}],"wp:attachment":[{"href":"https:\/\/elregionaldigital.info\/index.php?rest_route=%2Fwp%2Fv2%2Fmedia&parent=4646"}],"wp:term":[{"taxonomy":"category","embeddable":true,"href":"https:\/\/elregionaldigital.info\/index.php?rest_route=%2Fwp%2Fv2%2Fcategories&post=4646"},{"taxonomy":"post_tag","embeddable":true,"href":"https:\/\/elregionaldigital.info\/index.php?rest_route=%2Fwp%2Fv2%2Ftags&post=4646"}],"curies":[{"name":"wp","href":"https:\/\/api.w.org\/{rel}","templated":true}]}}