{"id":4631,"date":"2025-06-07T17:16:35","date_gmt":"2025-06-07T17:16:35","guid":{"rendered":"https:\/\/elregionaldigital.info\/?p=4631"},"modified":"2025-06-10T17:19:05","modified_gmt":"2025-06-10T17:19:05","slug":"la-uat-es-sede-regional-del-certamen-expo-ciencias-tamaulipas-2025","status":"publish","type":"post","link":"https:\/\/elregionaldigital.info\/?p=4631","title":{"rendered":"La UAT es sede regional del Certamen Expo Ciencias Tamaulipas 2025"},"content":{"rendered":"\n<p>7 de junio del 2025<\/p>\n\n\n\n<p><strong>\u201c<\/strong>&nbsp;La Universidad Aut\u00f3noma de Tamaulipas (UAT) es sede oficial en la Fase Regional del Certamen Estatal de Creatividad e Innovaci\u00f3n Tecnol\u00f3gica Expo Ciencias Tamaulipas 2025, convocado por el Gobierno del Estado y la Secretar\u00eda de Educaci\u00f3n de Tamaulipas, a trav\u00e9s del Consejo Tamaulipeco de Ciencia y Tecnolog\u00eda (COTACYT).&nbsp;<strong>\u201c<\/strong><\/p>\n\n\n\n<p>\u200b<\/p>\n\n\n\n<p>Ciudad Victoria, Tam.; 7 de junio de 2025.<\/p>\n\n\n\n<p>Mediante dos de sus dependencias universitarias: la Unidad Acad\u00e9mica Multidisciplinaria Reynosa Rodhe, y la Facultad de Arquitectura, Dise\u00f1o y Urbanismo de Tampico, la UAT recibir\u00e1 en este certamen a j\u00f3venes provenientes de diferentes niveles educativos y regiones del estado, quienes presentar\u00e1n proyectos y prototipos enfocados en dar soluci\u00f3n a retos espec\u00edficos de su entorno.<\/p>\n\n\n\n<p>Previo al arranque de esta importante actividad, se han llevado a cabo diversas reuniones de coordinaci\u00f3n entre autoridades universitarias, representantes del COTACYT y directivos de las sedes participantes, con el objetivo de garantizar una log\u00edstica eficiente y una participaci\u00f3n amplia, plural e inclusiva.<\/p>\n\n\n\n<p>La convocatoria est\u00e1 abierta a estudiantes de todos los niveles educativos que residan en el estado, quienes podr\u00e1n participar de forma individual o en pares, con el acompa\u00f1amiento de un asesor o asesora.<\/p>\n\n\n\n<p>El certamen se desarrollar\u00e1 en dos fases: la Fase Regional, en modalidad presencial, del 17 al 26 de septiembre de 2025, en Nuevo Laredo, Reynosa, Matamoros, San Fernando, Tula, Ciudad Victoria, El Mante y Tampico; mientras que la Fase Estatal, tambi\u00e9n presencial, se realizar\u00e1 del 15 al 17 de octubre de 2025, en Ciudad Victoria, Tamaulipas.<\/p>\n\n\n\n<p>El proceso de registro se efectuar\u00e1 a trav\u00e9s de la plataforma oficial https:\/\/plataformacotacyt.tamaulipas.gob.mx\/cecit\/expociencias\/, contemplando un periodo de prerregistro del 6 de mayo al 31 de julio, y el registro de proyectos del 4 al 29 de agosto del mismo a\u00f1o.<\/p>\n\n\n\n<p>Las categor\u00edas son: Pioneros de la Ciencia Petit (preescolar a 2.\u00b0 de primaria), Kids (3.\u00b0 a 6.\u00b0 de primaria), Juvenil (secundaria), Media Superior (bachillerato y profesional medio), Superior (licenciatura o t\u00e9cnico superior) y Posgrado (maestr\u00eda y doctorado), abarcando diversas \u00e1reas tem\u00e1ticas como ciencias exactas, medicina y salud, ingenier\u00edas, medio ambiente, tecnolog\u00edas de la informaci\u00f3n, divulgaci\u00f3n cient\u00edfica y mecatr\u00f3nica.<\/p>\n\n\n\n<p>Los proyectos mejor evaluados en cada sede regional ser\u00e1n reconocidos con diploma, medalla y acreditaci\u00f3n para la Fase Estatal. De igual forma, se otorgar\u00e1n acreditaciones para participar en la ExpoCiencias Nacional 2025, que se celebrar\u00e1 del 2 al 5 de diciembre, en Tampico, Tamaulipas.<\/p>\n\n\n\n<p>Para m\u00e1s informaci\u00f3n, comunicarse al correo expocienciastam@gmail.com, visitar el sitio www.cotacyt.gob.mx, o llamar a los tel\u00e9fonos 834 3189 601 y 834 3189 602.<\/p>\n\n\n\n<p>\u200b&nbsp;<\/p>\n\n\n\n<figure class=\"wp-block-image\"><img decoding=\"async\" src=\"https:\/\/www.uat.edu.mx\/noticias\/PublishingImages\/2024\/05\/foto%201%20certamen%20expociencias%20%2007%2006%202025.jpg\" alt=\"\"\/><\/figure>\n","protected":false},"excerpt":{"rendered":"<p>7 de junio del 2025 \u201c&nbsp;La Universidad Aut\u00f3noma de Tamaulipas (UAT) es sede oficial en la Fase Regional del Certamen Estatal de Creatividad e Innovaci\u00f3n Tecnol\u00f3gica Expo Ciencias Tamaulipas 2025, convocado por el Gobierno del Estado y la Secretar\u00eda de Educaci\u00f3n de Tamaulipas, a trav\u00e9s del Consejo Tamaulipeco de Ciencia y Tecnolog\u00eda (COTACYT).&nbsp;\u201c \u200b Ciudad [&hellip;]<\/p>\n","protected":false},"author":1,"featured_media":4632,"comment_status":"open","ping_status":"open","sticky":false,"template":"","format":"standard","meta":{"footnotes":""},"categories":[4],"tags":[],"class_list":["post-4631","post","type-post","status-publish","format-standard","has-post-thumbnail","hentry","category-universidades"],"blog_post_layout_featured_media_urls":{"thumbnail":["https:\/\/elregionaldigital.info\/wp-content\/uploads\/2025\/06\/foto-1-certamen-expociencias-07-06-2025-6-150x150.jpg",150,150,true],"full":["https:\/\/elregionaldigital.info\/wp-content\/uploads\/2025\/06\/foto-1-certamen-expociencias-07-06-2025-6-scaled.jpg",2560,1707,false]},"categories_names":{"4":{"name":"Universidades","link":"https:\/\/elregionaldigital.info\/?cat=4"}},"tags_names":[],"comments_number":"0","wpmagazine_modules_lite_featured_media_urls":{"thumbnail":["https:\/\/elregionaldigital.info\/wp-content\/uploads\/2025\/06\/foto-1-certamen-expociencias-07-06-2025-6-150x150.jpg",150,150,true],"cvmm-medium":["https:\/\/elregionaldigital.info\/wp-content\/uploads\/2025\/06\/foto-1-certamen-expociencias-07-06-2025-6-300x300.jpg",300,300,true],"cvmm-medium-plus":["https:\/\/elregionaldigital.info\/wp-content\/uploads\/2025\/06\/foto-1-certamen-expociencias-07-06-2025-6-305x207.jpg",305,207,true],"cvmm-portrait":["https:\/\/elregionaldigital.info\/wp-content\/uploads\/2025\/06\/foto-1-certamen-expociencias-07-06-2025-6-400x600.jpg",400,600,true],"cvmm-medium-square":["https:\/\/elregionaldigital.info\/wp-content\/uploads\/2025\/06\/foto-1-certamen-expociencias-07-06-2025-6-600x600.jpg",600,600,true],"cvmm-large":["https:\/\/elregionaldigital.info\/wp-content\/uploads\/2025\/06\/foto-1-certamen-expociencias-07-06-2025-6-1024x1024.jpg",1024,1024,true],"cvmm-small":["https:\/\/elregionaldigital.info\/wp-content\/uploads\/2025\/06\/foto-1-certamen-expociencias-07-06-2025-6-130x95.jpg",130,95,true],"full":["https:\/\/elregionaldigital.info\/wp-content\/uploads\/2025\/06\/foto-1-certamen-expociencias-07-06-2025-6-scaled.jpg",2560,1707,false]},"_links":{"self":[{"href":"https:\/\/elregionaldigital.info\/index.php?rest_route=\/wp\/v2\/posts\/4631","targetHints":{"allow":["GET"]}}],"collection":[{"href":"https:\/\/elregionaldigital.info\/index.php?rest_route=\/wp\/v2\/posts"}],"about":[{"href":"https:\/\/elregionaldigital.info\/index.php?rest_route=\/wp\/v2\/types\/post"}],"author":[{"embeddable":true,"href":"https:\/\/elregionaldigital.info\/index.php?rest_route=\/wp\/v2\/users\/1"}],"replies":[{"embeddable":true,"href":"https:\/\/elregionaldigital.info\/index.php?rest_route=%2Fwp%2Fv2%2Fcomments&post=4631"}],"version-history":[{"count":1,"href":"https:\/\/elregionaldigital.info\/index.php?rest_route=\/wp\/v2\/posts\/4631\/revisions"}],"predecessor-version":[{"id":4633,"href":"https:\/\/elregionaldigital.info\/index.php?rest_route=\/wp\/v2\/posts\/4631\/revisions\/4633"}],"wp:featuredmedia":[{"embeddable":true,"href":"https:\/\/elregionaldigital.info\/index.php?rest_route=\/wp\/v2\/media\/4632"}],"wp:attachment":[{"href":"https:\/\/elregionaldigital.info\/index.php?rest_route=%2Fwp%2Fv2%2Fmedia&parent=4631"}],"wp:term":[{"taxonomy":"category","embeddable":true,"href":"https:\/\/elregionaldigital.info\/index.php?rest_route=%2Fwp%2Fv2%2Fcategories&post=4631"},{"taxonomy":"post_tag","embeddable":true,"href":"https:\/\/elregionaldigital.info\/index.php?rest_route=%2Fwp%2Fv2%2Ftags&post=4631"}],"curies":[{"name":"wp","href":"https:\/\/api.w.org\/{rel}","templated":true}]}}