{"id":4622,"date":"2025-06-05T17:10:50","date_gmt":"2025-06-05T17:10:50","guid":{"rendered":"https:\/\/elregionaldigital.info\/?p=4622"},"modified":"2025-06-10T17:11:50","modified_gmt":"2025-06-10T17:11:50","slug":"prepara-la-uat-los-campamentos-de-verano-2025","status":"publish","type":"post","link":"https:\/\/elregionaldigital.info\/?p=4622","title":{"rendered":"Prepara la UAT los campamentos de verano 2025"},"content":{"rendered":"\n<p>5 de junio del 2025<\/p>\n\n\n\n<p><strong>\u201c<\/strong>&nbsp;La Universidad Aut\u00f3noma de Tamaulipas, a trav\u00e9s de la Secretar\u00eda de Vinculaci\u00f3n, abre sus puertas para recibir a ni\u00f1as y ni\u00f1os en los Campamentos de Verano UAT 2025, una experiencia inolvidable que se ofrecer\u00e1 en las diversas sedes de la m\u00e1xima casa de estudios.&nbsp;<strong>\u201c<\/strong><\/p>\n\n\n\n<p>\u200b<\/p>\n\n\n\n<p>Ciudad Victoria, Tam., 5 de junio de 2025.<\/p>\n\n\n\n<p>Del 7 al 18 de julio, ni\u00f1as y ni\u00f1os de entre 6 y 14 a\u00f1os podr\u00e1n disfrutar de un programa lleno de energ\u00eda, creatividad y aprendizaje, en un ambiente seguro y lleno de entusiasmo.<\/p>\n\n\n\n<p>Estos campamentos se ofrecer\u00e1n de forma simult\u00e1nea en los gimnasios multidisciplinarios de: Ciudad Victoria, Matamoros, Reynosa, Nuevo Laredo y Ciudad Mante, con actividades dise\u00f1adas para fomentar los valores, la sana competencia y el trabajo en equipo, promoviendo el humanismo y la transformaci\u00f3n social a trav\u00e9s del deporte y la convivencia.<\/p>\n\n\n\n<p><strong>\u00bfQu\u00e9 incluye el campamento?<\/strong><\/p>\n\n\n\n<p>Desde deportes como b\u00e9isbol, f\u00fatbol, b\u00e1squetbol, tochito y jiujitsu, hasta actividades art\u00edsticas y culturales como danza a\u00e9rea, baile, zumba, ciencia, artes, cine, creatividad y salud infantil.<\/p>\n\n\n\n<p>Tambi\u00e9n habr\u00e1 talleres l\u00fadicos y sesiones de gimnasia, todo con el respaldo de instructores capacitados y el acompa\u00f1amiento profesional de la comunidad universitaria.<\/p>\n\n\n\n<p>Este esfuerzo forma parte del compromiso de la UAT por impulsar el desarrollo integral de la ni\u00f1ez tamaulipeca, promoviendo entornos positivos donde el juego, el arte, el deporte y la cultura se entrelazan para crear recuerdos inolvidables.<\/p>\n\n\n\n<p>\u00a1El cupo es limitado!<\/p>\n\n\n\n<p>Para m\u00e1s informaci\u00f3n sobre inscripciones y requisitos, visitar las redes sociales de los gimnasios multidisciplinarios de las diferentes sedes.<\/p>\n\n\n\n<p>Este verano, la UAT te invita a vivir, crear y descubrir. \u00a1Inspira y transforma!<\/p>\n\n\n\n<figure class=\"wp-block-image\"><img decoding=\"async\" src=\"https:\/\/www.uat.edu.mx\/noticias\/PublishingImages\/2024\/05\/jhjkjkij%20(1).jpeg\" alt=\"\"\/><\/figure>\n","protected":false},"excerpt":{"rendered":"<p>5 de junio del 2025 \u201c&nbsp;La Universidad Aut\u00f3noma de Tamaulipas, a trav\u00e9s de la Secretar\u00eda de Vinculaci\u00f3n, abre sus puertas para recibir a ni\u00f1as y ni\u00f1os en los Campamentos de Verano UAT 2025, una experiencia inolvidable que se ofrecer\u00e1 en las diversas sedes de la m\u00e1xima casa de estudios.&nbsp;\u201c \u200b Ciudad Victoria, Tam., 5 de [&hellip;]<\/p>\n","protected":false},"author":1,"featured_media":4623,"comment_status":"open","ping_status":"open","sticky":false,"template":"","format":"standard","meta":{"footnotes":""},"categories":[4],"tags":[],"class_list":["post-4622","post","type-post","status-publish","format-standard","has-post-thumbnail","hentry","category-universidades"],"blog_post_layout_featured_media_urls":{"thumbnail":["https:\/\/elregionaldigital.info\/wp-content\/uploads\/2025\/06\/jhjkjkij-1-12-150x150.jpeg",150,150,true],"full":["https:\/\/elregionaldigital.info\/wp-content\/uploads\/2025\/06\/jhjkjkij-1-12.jpeg",900,1600,false]},"categories_names":{"4":{"name":"Universidades","link":"https:\/\/elregionaldigital.info\/?cat=4"}},"tags_names":[],"comments_number":"0","wpmagazine_modules_lite_featured_media_urls":{"thumbnail":["https:\/\/elregionaldigital.info\/wp-content\/uploads\/2025\/06\/jhjkjkij-1-12-150x150.jpeg",150,150,true],"cvmm-medium":["https:\/\/elregionaldigital.info\/wp-content\/uploads\/2025\/06\/jhjkjkij-1-12-300x300.jpeg",300,300,true],"cvmm-medium-plus":["https:\/\/elregionaldigital.info\/wp-content\/uploads\/2025\/06\/jhjkjkij-1-12-305x207.jpeg",305,207,true],"cvmm-portrait":["https:\/\/elregionaldigital.info\/wp-content\/uploads\/2025\/06\/jhjkjkij-1-12-400x600.jpeg",400,600,true],"cvmm-medium-square":["https:\/\/elregionaldigital.info\/wp-content\/uploads\/2025\/06\/jhjkjkij-1-12-600x600.jpeg",600,600,true],"cvmm-large":["https:\/\/elregionaldigital.info\/wp-content\/uploads\/2025\/06\/jhjkjkij-1-12-900x1024.jpeg",900,1024,true],"cvmm-small":["https:\/\/elregionaldigital.info\/wp-content\/uploads\/2025\/06\/jhjkjkij-1-12-130x95.jpeg",130,95,true],"full":["https:\/\/elregionaldigital.info\/wp-content\/uploads\/2025\/06\/jhjkjkij-1-12.jpeg",900,1600,false]},"_links":{"self":[{"href":"https:\/\/elregionaldigital.info\/index.php?rest_route=\/wp\/v2\/posts\/4622","targetHints":{"allow":["GET"]}}],"collection":[{"href":"https:\/\/elregionaldigital.info\/index.php?rest_route=\/wp\/v2\/posts"}],"about":[{"href":"https:\/\/elregionaldigital.info\/index.php?rest_route=\/wp\/v2\/types\/post"}],"author":[{"embeddable":true,"href":"https:\/\/elregionaldigital.info\/index.php?rest_route=\/wp\/v2\/users\/1"}],"replies":[{"embeddable":true,"href":"https:\/\/elregionaldigital.info\/index.php?rest_route=%2Fwp%2Fv2%2Fcomments&post=4622"}],"version-history":[{"count":1,"href":"https:\/\/elregionaldigital.info\/index.php?rest_route=\/wp\/v2\/posts\/4622\/revisions"}],"predecessor-version":[{"id":4624,"href":"https:\/\/elregionaldigital.info\/index.php?rest_route=\/wp\/v2\/posts\/4622\/revisions\/4624"}],"wp:featuredmedia":[{"embeddable":true,"href":"https:\/\/elregionaldigital.info\/index.php?rest_route=\/wp\/v2\/media\/4623"}],"wp:attachment":[{"href":"https:\/\/elregionaldigital.info\/index.php?rest_route=%2Fwp%2Fv2%2Fmedia&parent=4622"}],"wp:term":[{"taxonomy":"category","embeddable":true,"href":"https:\/\/elregionaldigital.info\/index.php?rest_route=%2Fwp%2Fv2%2Fcategories&post=4622"},{"taxonomy":"post_tag","embeddable":true,"href":"https:\/\/elregionaldigital.info\/index.php?rest_route=%2Fwp%2Fv2%2Ftags&post=4622"}],"curies":[{"name":"wp","href":"https:\/\/api.w.org\/{rel}","templated":true}]}}