{"id":4556,"date":"2025-05-22T00:43:43","date_gmt":"2025-05-22T00:43:43","guid":{"rendered":"https:\/\/elregionaldigital.info\/?p=4556"},"modified":"2025-06-03T19:31:43","modified_gmt":"2025-06-03T19:31:43","slug":"consolida-la-uat-su-compromiso-con-el-medio-ambiente-a-traves-de-la-facultad-de-ingenieria-y-ciencias","status":"publish","type":"post","link":"https:\/\/elregionaldigital.info\/?p=4556","title":{"rendered":"Consolida la UAT su compromiso con el medio ambiente a trav\u00e9s de la Facultad de Ingenier\u00eda y Ciencias"},"content":{"rendered":"\n<p>22 de mayo del 2025<\/p>\n\n\n\n<p><strong>&#8220;<\/strong>&nbsp;La Universidad Aut\u00f3noma de Tamaulipas (UAT), comprometida con el desarrollo sostenible y la responsabilidad social, impulsa una serie de acciones en favor del medio ambiente a trav\u00e9s de una estrategia integral implementada por la Facultad de Ingenier\u00eda y Ciencias (FIC), con impacto directo en diversos municipios de la entidad.&nbsp;<strong>&#8220;<\/strong><\/p>\n\n\n\n<p>\u200b<\/p>\n\n\n\n<p>Ciudad Victoria, Tam., 22 de mayo de 2025.<\/p>\n\n\n\n<p>A trav\u00e9s del vivero institucional de la FIC, y como resultado de un esfuerzo sostenido entre los a\u00f1os 2024 y 2025, se han donado y plantado m\u00e1s de 1 400 \u00e1rboles, con el objetivo de fortalecer los ecosistemas urbanos y rurales, promover la conservaci\u00f3n ambiental y contribuir a la mitigaci\u00f3n de los efectos del cambio clim\u00e1tico.&nbsp;<\/p>\n\n\n\n<p>Estas acciones forman parte de una pol\u00edtica institucional del rector D\u00e1maso Anaya Alvarado, orientada a la recuperaci\u00f3n de \u00e1reas verdes y a la educaci\u00f3n ambiental en beneficio de la sociedad tamaulipeca.<\/p>\n\n\n\n<p>Durante el a\u00f1o 2024, la FIC distribuy\u00f3 m\u00e1s de mil ejemplares forestales en colonias, fraccionamientos, instituciones educativas y espacios p\u00fablicos de municipios como Llera, Padilla, Jaumave y Jim\u00e9nez. Asimismo, se realizaron entregas a organismos como el CBTis No. 24, el Zool\u00f3gico Tamat\u00e1n y diversas facultades de la propia Universidad.&nbsp;<\/p>\n\n\n\n<p>En el presente a\u00f1o, se han sumado m\u00e1s de 300 \u00e1rboles adicionales, priorizando el uso de especies nativas adaptadas a las condiciones clim\u00e1ticas de la regi\u00f3n, especialmente en zonas urbanas con necesidad de reforestaci\u00f3n.<\/p>\n\n\n\n<p>De manera paralela, la FIC ha desarrollado un amplio programa de formaci\u00f3n, sensibilizaci\u00f3n y asesor\u00eda t\u00e9cnica en materia ambiental, que incluye talleres de compostaje, cursos sobre huertos urbanos, visitas educativas, instalaci\u00f3n de jardines de polinizadores y acompa\u00f1amiento para la creaci\u00f3n de huertos escolares y jardines comunitarios.<\/p>\n\n\n\n<p>Dichas acciones han beneficiado a instituciones como IMSS Bienestar, fortaleciendo la vinculaci\u00f3n interinstitucional y fomentando una cultura de sostenibilidad.<\/p>\n\n\n\n<p>Con estas iniciativas, la UAT ratifica su compromiso con los grandes retos ambientales, promoviendo la participaci\u00f3n social, el uso racional de los recursos naturales y la restauraci\u00f3n de los ecosistemas locales.<\/p>\n\n\n\n<figure class=\"wp-block-image\"><img decoding=\"async\" src=\"https:\/\/www.uat.edu.mx\/noticias\/PublishingImages\/2024\/05\/ghjhbjhbj%20(4).jpeg\" alt=\"\"\/><\/figure>\n","protected":false},"excerpt":{"rendered":"<p>22 de mayo del 2025 &#8220;&nbsp;La Universidad Aut\u00f3noma de Tamaulipas (UAT), comprometida con el desarrollo sostenible y la responsabilidad social, impulsa una serie de acciones en favor del medio ambiente a trav\u00e9s de una estrategia integral implementada por la Facultad de Ingenier\u00eda y Ciencias (FIC), con impacto directo en diversos municipios de la entidad.&nbsp;&#8220; \u200b [&hellip;]<\/p>\n","protected":false},"author":1,"featured_media":4590,"comment_status":"open","ping_status":"open","sticky":false,"template":"","format":"standard","meta":{"footnotes":""},"categories":[4],"tags":[],"class_list":["post-4556","post","type-post","status-publish","format-standard","has-post-thumbnail","hentry","category-universidades"],"blog_post_layout_featured_media_urls":{"thumbnail":["https:\/\/elregionaldigital.info\/wp-content\/uploads\/2025\/05\/ghjhbjhbj-4-5-150x150.jpeg",150,150,true],"full":["https:\/\/elregionaldigital.info\/wp-content\/uploads\/2025\/05\/ghjhbjhbj-4-5.jpeg",1192,1592,false]},"categories_names":{"4":{"name":"Universidades","link":"https:\/\/elregionaldigital.info\/?cat=4"}},"tags_names":[],"comments_number":"0","wpmagazine_modules_lite_featured_media_urls":{"thumbnail":["https:\/\/elregionaldigital.info\/wp-content\/uploads\/2025\/05\/ghjhbjhbj-4-5-150x150.jpeg",150,150,true],"cvmm-medium":["https:\/\/elregionaldigital.info\/wp-content\/uploads\/2025\/05\/ghjhbjhbj-4-5-300x300.jpeg",300,300,true],"cvmm-medium-plus":["https:\/\/elregionaldigital.info\/wp-content\/uploads\/2025\/05\/ghjhbjhbj-4-5-305x207.jpeg",305,207,true],"cvmm-portrait":["https:\/\/elregionaldigital.info\/wp-content\/uploads\/2025\/05\/ghjhbjhbj-4-5-400x600.jpeg",400,600,true],"cvmm-medium-square":["https:\/\/elregionaldigital.info\/wp-content\/uploads\/2025\/05\/ghjhbjhbj-4-5-600x600.jpeg",600,600,true],"cvmm-large":["https:\/\/elregionaldigital.info\/wp-content\/uploads\/2025\/05\/ghjhbjhbj-4-5-1024x1024.jpeg",1024,1024,true],"cvmm-small":["https:\/\/elregionaldigital.info\/wp-content\/uploads\/2025\/05\/ghjhbjhbj-4-5-130x95.jpeg",130,95,true],"full":["https:\/\/elregionaldigital.info\/wp-content\/uploads\/2025\/05\/ghjhbjhbj-4-5.jpeg",1192,1592,false]},"_links":{"self":[{"href":"https:\/\/elregionaldigital.info\/index.php?rest_route=\/wp\/v2\/posts\/4556","targetHints":{"allow":["GET"]}}],"collection":[{"href":"https:\/\/elregionaldigital.info\/index.php?rest_route=\/wp\/v2\/posts"}],"about":[{"href":"https:\/\/elregionaldigital.info\/index.php?rest_route=\/wp\/v2\/types\/post"}],"author":[{"embeddable":true,"href":"https:\/\/elregionaldigital.info\/index.php?rest_route=\/wp\/v2\/users\/1"}],"replies":[{"embeddable":true,"href":"https:\/\/elregionaldigital.info\/index.php?rest_route=%2Fwp%2Fv2%2Fcomments&post=4556"}],"version-history":[{"count":1,"href":"https:\/\/elregionaldigital.info\/index.php?rest_route=\/wp\/v2\/posts\/4556\/revisions"}],"predecessor-version":[{"id":4557,"href":"https:\/\/elregionaldigital.info\/index.php?rest_route=\/wp\/v2\/posts\/4556\/revisions\/4557"}],"wp:featuredmedia":[{"embeddable":true,"href":"https:\/\/elregionaldigital.info\/index.php?rest_route=\/wp\/v2\/media\/4590"}],"wp:attachment":[{"href":"https:\/\/elregionaldigital.info\/index.php?rest_route=%2Fwp%2Fv2%2Fmedia&parent=4556"}],"wp:term":[{"taxonomy":"category","embeddable":true,"href":"https:\/\/elregionaldigital.info\/index.php?rest_route=%2Fwp%2Fv2%2Fcategories&post=4556"},{"taxonomy":"post_tag","embeddable":true,"href":"https:\/\/elregionaldigital.info\/index.php?rest_route=%2Fwp%2Fv2%2Ftags&post=4556"}],"curies":[{"name":"wp","href":"https:\/\/api.w.org\/{rel}","templated":true}]}}