{"id":4554,"date":"2025-05-21T18:43:20","date_gmt":"2025-05-21T18:43:20","guid":{"rendered":"https:\/\/elregionaldigital.info\/?p=4554"},"modified":"2025-06-03T19:24:20","modified_gmt":"2025-06-03T19:24:20","slug":"recibe-la-uat-a-miles-de-jovenes-en-el-examen-de-admision-exani-ii21-de-mayo-del-2025prensa-la-universidad-autonoma-de-tamaulipas-uat-dio-la-bienvenida-a-miles-de-jovenes-aspirantes-que-presentaro","status":"publish","type":"post","link":"https:\/\/elregionaldigital.info\/?p=4554","title":{"rendered":"Recibe la UAT a miles de j\u00f3venes en el examen de admisi\u00f3n EXANI-II21 de mayo del 2025Prensa&#8221; La Universidad Aut\u00f3noma de Tamaulipas (UAT) dio la bienvenida a miles de j\u00f3venes aspirantes que presentaron el Examen General de Ingreso a Licenciatura (EXANI-II), demostrando su entusiasmo por formar parte de la m\u00e1xima casa de estudios en el pr\u00f3ximo per\u00edodo escolar que dar\u00e1 inicio en agosto. &#8220;\u200b"},"content":{"rendered":"\n<p>Ciudad Victoria, Tam.; 21 de mayo de 2025.<\/p>\n\n\n\n<p>Con base en la convocatoria del proceso de admisi\u00f3n Oto\u00f1o 2025 (per\u00edodo 2025-3, de agosto a diciembre), la UAT llev\u00f3 a cabo con \u00e9xito la tercera jornada de aplicaci\u00f3n del EXANI-II del Centro Nacional de Evaluaci\u00f3n para la Educaci\u00f3n Superior (CENEVAL), el cual registr\u00f3 una amplia participaci\u00f3n de aspirantes en sus diversas sedes acad\u00e9micas distribuidas a lo largo del estado.<\/p>\n\n\n\n<p>La destacada respuesta de aspirantes registrada durante esta jornada reafirma la ruta de crecimiento que ha marcado el rector D\u00e1maso Anaya Alvarado, a trav\u00e9s de una pol\u00edtica educativa orientada a fortalecer la cobertura acad\u00e9mica y a responder con oportunidad a la creciente demanda de ingreso a la Universidad.<\/p>\n\n\n\n<p>El examen fue aplicado de manera simult\u00e1nea en dieciocho facultades y unidades acad\u00e9micas, ubicadas en las zonas centro, sur y norte del estado, lo que permiti\u00f3 brindar una atenci\u00f3n eficiente a miles de j\u00f3venes interesados en formar parte de la comunidad universitaria.<\/p>\n\n\n\n<p>El proceso cont\u00f3 con la presencia de representantes del CENEVAL, as\u00ed como de autoridades universitarias responsables del proceso de admisi\u00f3n, quienes han trabajado de manera coordinada y colegiada para asegurar un procedimiento transparente y de calidad.<\/p>\n\n\n\n<p>Durante esta jornada, la UAT dio la bienvenida a las y los aspirantes, reconociendo su esfuerzo y dese\u00e1ndoles el mayor de los \u00e9xitos en esta etapa fundamental de su trayectoria acad\u00e9mica.<\/p>\n\n\n\n<p>Como parte de las estrategias para ampliar el acceso a la educaci\u00f3n superior, la Universidad anunci\u00f3 una cuarta jornada de aplicaci\u00f3n del EXANI-II, programada para el 15 de julio de 2025, lo que permitir\u00e1 a m\u00e1s j\u00f3venes presentar su evaluaci\u00f3n de ingreso.<\/p>\n\n\n\n<p>Asimismo, la UAT ha extendido el plazo de registro para el proceso de admisi\u00f3n 2025-3 hasta el 20 de junio, ofreciendo una oportunidad adicional a quienes deseen iniciar su formaci\u00f3n profesional en la UAT.<\/p>\n\n\n\n<h3 class=\"wp-block-heading\">Recibe la UAT a miles de j\u00f3venes en el examen de admisi\u00f3n EXANI-II<\/h3>\n\n\n\n<p>21 de mayo del 2025<strong>Prensa<\/strong><\/p>\n\n\n\n<p><strong>&#8220;<\/strong>&nbsp;La Universidad Aut\u00f3noma de Tamaulipas (UAT) dio la bienvenida a miles de j\u00f3venes aspirantes que presentaron el Examen General de Ingreso a Licenciatura (EXANI-II), demostrando su entusiasmo por formar parte de la m\u00e1xima casa de estudios en el pr\u00f3ximo per\u00edodo escolar que dar\u00e1 inicio en agosto.&nbsp;<strong>&#8220;<\/strong><\/p>\n\n\n\n<p>\u200b<\/p>\n\n\n\n<p>Ciudad Victoria, Tam.; 21 de mayo de 2025.<\/p>\n\n\n\n<p>Con base en la convocatoria del proceso de admisi\u00f3n Oto\u00f1o 2025 (per\u00edodo 2025-3, de agosto a diciembre), la UAT llev\u00f3 a cabo con \u00e9xito la tercera jornada de aplicaci\u00f3n del EXANI-II del Centro Nacional de Evaluaci\u00f3n para la Educaci\u00f3n Superior (CENEVAL), el cual registr\u00f3 una amplia participaci\u00f3n de aspirantes en sus diversas sedes acad\u00e9micas distribuidas a lo largo del estado.<\/p>\n\n\n\n<p>La destacada respuesta de aspirantes registrada durante esta jornada reafirma la ruta de crecimiento que ha marcado el rector D\u00e1maso Anaya Alvarado, a trav\u00e9s de una pol\u00edtica educativa orientada a fortalecer la cobertura acad\u00e9mica y a responder con oportunidad a la creciente demanda de ingreso a la Universidad.<\/p>\n\n\n\n<p>El examen fue aplicado de manera simult\u00e1nea en dieciocho facultades y unidades acad\u00e9micas, ubicadas en las zonas centro, sur y norte del estado, lo que permiti\u00f3 brindar una atenci\u00f3n eficiente a miles de j\u00f3venes interesados en formar parte de la comunidad universitaria.<\/p>\n\n\n\n<p>El proceso cont\u00f3 con la presencia de representantes del CENEVAL, as\u00ed como de autoridades universitarias responsables del proceso de admisi\u00f3n, quienes han trabajado de manera coordinada y colegiada para asegurar un procedimiento transparente y de calidad.<\/p>\n\n\n\n<p>Durante esta jornada, la UAT dio la bienvenida a las y los aspirantes, reconociendo su esfuerzo y dese\u00e1ndoles el mayor de los \u00e9xitos en esta etapa fundamental de su trayectoria acad\u00e9mica.<\/p>\n\n\n\n<p>Como parte de las estrategias para ampliar el acceso a la educaci\u00f3n superior, la Universidad anunci\u00f3 una cuarta jornada de aplicaci\u00f3n del EXANI-II, programada para el 15 de julio de 2025, lo que permitir\u00e1 a m\u00e1s j\u00f3venes presentar su evaluaci\u00f3n de ingreso.<\/p>\n\n\n\n<p>Asimismo, la UAT ha extendido el plazo de registro para el proceso de admisi\u00f3n 2025-3 hasta el 20 de junio, ofreciendo una oportunidad adicional a quienes deseen iniciar su formaci\u00f3n profesional en la UAT.<\/p>\n\n\n\n<figure class=\"wp-block-image\"><img decoding=\"async\" src=\"https:\/\/www.uat.edu.mx\/noticias\/PublishingImages\/2024\/05\/kjjkjkjjkjnk%20(2).jpeg\" alt=\"\"\/><\/figure>\n","protected":false},"excerpt":{"rendered":"<p>Ciudad Victoria, Tam.; 21 de mayo de 2025. Con base en la convocatoria del proceso de admisi\u00f3n Oto\u00f1o 2025 (per\u00edodo 2025-3, de agosto a diciembre), la UAT llev\u00f3 a cabo con \u00e9xito la tercera jornada de aplicaci\u00f3n del EXANI-II del Centro Nacional de Evaluaci\u00f3n para la Educaci\u00f3n Superior (CENEVAL), el cual registr\u00f3 una amplia participaci\u00f3n [&hellip;]<\/p>\n","protected":false},"author":1,"featured_media":4588,"comment_status":"open","ping_status":"open","sticky":false,"template":"","format":"standard","meta":{"footnotes":""},"categories":[1,4],"tags":[],"class_list":["post-4554","post","type-post","status-publish","format-standard","has-post-thumbnail","hentry","category-sin-categoria","category-universidades"],"blog_post_layout_featured_media_urls":{"thumbnail":["https:\/\/elregionaldigital.info\/wp-content\/uploads\/2025\/05\/kjjkjkjjkjnk-2-3-150x150.jpeg",150,150,true],"full":["https:\/\/elregionaldigital.info\/wp-content\/uploads\/2025\/05\/kjjkjkjjkjnk-2-3.jpeg",1600,1066,false]},"categories_names":{"1":{"name":"Sin categor\u00eda","link":"https:\/\/elregionaldigital.info\/?cat=1"},"4":{"name":"Universidades","link":"https:\/\/elregionaldigital.info\/?cat=4"}},"tags_names":[],"comments_number":"0","wpmagazine_modules_lite_featured_media_urls":{"thumbnail":["https:\/\/elregionaldigital.info\/wp-content\/uploads\/2025\/05\/kjjkjkjjkjnk-2-3-150x150.jpeg",150,150,true],"cvmm-medium":["https:\/\/elregionaldigital.info\/wp-content\/uploads\/2025\/05\/kjjkjkjjkjnk-2-3-300x300.jpeg",300,300,true],"cvmm-medium-plus":["https:\/\/elregionaldigital.info\/wp-content\/uploads\/2025\/05\/kjjkjkjjkjnk-2-3-305x207.jpeg",305,207,true],"cvmm-portrait":["https:\/\/elregionaldigital.info\/wp-content\/uploads\/2025\/05\/kjjkjkjjkjnk-2-3-400x600.jpeg",400,600,true],"cvmm-medium-square":["https:\/\/elregionaldigital.info\/wp-content\/uploads\/2025\/05\/kjjkjkjjkjnk-2-3-600x600.jpeg",600,600,true],"cvmm-large":["https:\/\/elregionaldigital.info\/wp-content\/uploads\/2025\/05\/kjjkjkjjkjnk-2-3-1024x1024.jpeg",1024,1024,true],"cvmm-small":["https:\/\/elregionaldigital.info\/wp-content\/uploads\/2025\/05\/kjjkjkjjkjnk-2-3-130x95.jpeg",130,95,true],"full":["https:\/\/elregionaldigital.info\/wp-content\/uploads\/2025\/05\/kjjkjkjjkjnk-2-3.jpeg",1600,1066,false]},"_links":{"self":[{"href":"https:\/\/elregionaldigital.info\/index.php?rest_route=\/wp\/v2\/posts\/4554","targetHints":{"allow":["GET"]}}],"collection":[{"href":"https:\/\/elregionaldigital.info\/index.php?rest_route=\/wp\/v2\/posts"}],"about":[{"href":"https:\/\/elregionaldigital.info\/index.php?rest_route=\/wp\/v2\/types\/post"}],"author":[{"embeddable":true,"href":"https:\/\/elregionaldigital.info\/index.php?rest_route=\/wp\/v2\/users\/1"}],"replies":[{"embeddable":true,"href":"https:\/\/elregionaldigital.info\/index.php?rest_route=%2Fwp%2Fv2%2Fcomments&post=4554"}],"version-history":[{"count":1,"href":"https:\/\/elregionaldigital.info\/index.php?rest_route=\/wp\/v2\/posts\/4554\/revisions"}],"predecessor-version":[{"id":4555,"href":"https:\/\/elregionaldigital.info\/index.php?rest_route=\/wp\/v2\/posts\/4554\/revisions\/4555"}],"wp:featuredmedia":[{"embeddable":true,"href":"https:\/\/elregionaldigital.info\/index.php?rest_route=\/wp\/v2\/media\/4588"}],"wp:attachment":[{"href":"https:\/\/elregionaldigital.info\/index.php?rest_route=%2Fwp%2Fv2%2Fmedia&parent=4554"}],"wp:term":[{"taxonomy":"category","embeddable":true,"href":"https:\/\/elregionaldigital.info\/index.php?rest_route=%2Fwp%2Fv2%2Fcategories&post=4554"},{"taxonomy":"post_tag","embeddable":true,"href":"https:\/\/elregionaldigital.info\/index.php?rest_route=%2Fwp%2Fv2%2Ftags&post=4554"}],"curies":[{"name":"wp","href":"https:\/\/api.w.org\/{rel}","templated":true}]}}