{"id":4520,"date":"2025-05-14T14:17:13","date_gmt":"2025-05-14T14:17:13","guid":{"rendered":"https:\/\/elregionaldigital.info\/?p=4520"},"modified":"2025-05-15T14:17:41","modified_gmt":"2025-05-15T14:17:41","slug":"rector-de-la-uat-formaliza-alianzas-para-impulsar-certificaciones-internacionales","status":"publish","type":"post","link":"https:\/\/elregionaldigital.info\/?p=4520","title":{"rendered":"Rector de la UAT formaliza alianzas para impulsar certificaciones internacionales"},"content":{"rendered":"\n<p>Con el prop\u00f3sito de fortalecer los procesos formativos y elevar la competitividad<br>acad\u00e9mica, el rector de la Universidad Aut\u00f3noma de Tamaulipas (UAT), D\u00e1maso Anaya<br>Alvarado, presidi\u00f3 la firma de alianzas estrat\u00e9gicas con organismos internacionales<br>especializados en certificaci\u00f3n y desarrollo acad\u00e9mico.<br>El evento, realizado en el Campus Tampico, cont\u00f3 con la presencia del secretario de<br>Educaci\u00f3n de Tamaulipas, Miguel \u00c1ngel Valdez Garc\u00eda, y los directivos de las empresas<br>aliadas: Ty Kenworthy, director de Desarrollo de Negocios y Habilitaci\u00f3n de Ventas<br>Globales de Certiport Pearson VUE.; Jos\u00e9 Luis Mondrag\u00f3n Fabela, director general de ETC<br>Iberoam\u00e9rica; Alejandro Merikanskas Halpern, director general de Punto Edu; y Adalid<br>Bruno, gerente general Latinoam\u00e9rica de Certiport Pearson VUE.<br>En su mensaje, el rector destac\u00f3 que esta alianza es un paso fundamental para fortalecer las<br>competencias de la comunidad universitaria y la sociedad de Tamaulipas; adem\u00e1s de que,<br>contar con certificaciones internacionales que validen los conocimientos de los estudiantes,<br>docentes y personal administrativo, contribuye al desarrollo de capital humano<br>especializado, lo que posiciona a la UAT como l\u00edder en la formaci\u00f3n de profesionales con<br>sentido social.<br>Por su parte, el secretario de Educaci\u00f3n, Miguel \u00c1ngel Valdez Garc\u00eda, destac\u00f3 el papel de<br>la UAT en la cobertura educativa del estado, luego de subrayar que el futuro de la<br>educaci\u00f3n superior en M\u00e9xico depender\u00e1 de temas clave como la implementaci\u00f3n de<br>microcredenciales, el dominio del ingl\u00e9s y la incorporaci\u00f3n de la inteligencia artificial,<br>\u00e1mbitos en los que la UAT est\u00e1 marcando pauta.<br>A su vez, los representantes de las instituciones aliadas destacaron la importancia de la<br>UAT en la innovaci\u00f3n educativa: Ty Kenworthy, de Certiport Pearson VUE, resalt\u00f3 el<br>valor de las certificaciones internacionales; Jos\u00e9 Luis Mondrag\u00f3n Fabela, de ETC<br>Iberoam\u00e9rica, destac\u00f3 que la UAT, al convertirse en un centro certificador, eleva su<br>competitividad y mejora el perfil de egreso con est\u00e1ndares globales; y Alejandro<br>Merikanskas, de Punto Edu, enfatiz\u00f3 que la evaluaci\u00f3n objetiva del ingl\u00e9s mejora la<br>empleabilidad de los egresados.<br>Estas alianzas permitir\u00e1n a la UAT fortalecer su infraestructura acad\u00e9mica y tecnol\u00f3gica,<br>brindando acceso a certificaciones internacionales y evaluaciones de ingl\u00e9s de alta<br>demanda. Con estas acciones, la administraci\u00f3n rectoral reafirma su compromiso de<br>proyectar a la UAT como una instituci\u00f3n educativa de vanguardia, con visi\u00f3n global,<br>enfocada en generar oportunidades que respondan a los retos actuales y futuros del entorno<br>profesional.<\/p>\n","protected":false},"excerpt":{"rendered":"<p>Con el prop\u00f3sito de fortalecer los procesos formativos y elevar la competitividadacad\u00e9mica, el rector de la Universidad Aut\u00f3noma de Tamaulipas (UAT), D\u00e1maso AnayaAlvarado, presidi\u00f3 la firma de alianzas estrat\u00e9gicas con organismos internacionalesespecializados en certificaci\u00f3n y desarrollo acad\u00e9mico.El evento, realizado en el Campus Tampico, cont\u00f3 con la presencia del secretario deEducaci\u00f3n de Tamaulipas, Miguel \u00c1ngel Valdez [&hellip;]<\/p>\n","protected":false},"author":1,"featured_media":4521,"comment_status":"open","ping_status":"open","sticky":false,"template":"","format":"standard","meta":{"footnotes":""},"categories":[4],"tags":[],"class_list":["post-4520","post","type-post","status-publish","format-standard","has-post-thumbnail","hentry","category-universidades"],"blog_post_layout_featured_media_urls":{"thumbnail":["https:\/\/elregionaldigital.info\/wp-content\/uploads\/2025\/05\/foto003-150x150.jpg",150,150,true],"full":["https:\/\/elregionaldigital.info\/wp-content\/uploads\/2025\/05\/foto003.jpg",2560,1706,false]},"categories_names":{"4":{"name":"Universidades","link":"https:\/\/elregionaldigital.info\/?cat=4"}},"tags_names":[],"comments_number":"0","wpmagazine_modules_lite_featured_media_urls":{"thumbnail":["https:\/\/elregionaldigital.info\/wp-content\/uploads\/2025\/05\/foto003-150x150.jpg",150,150,true],"cvmm-medium":["https:\/\/elregionaldigital.info\/wp-content\/uploads\/2025\/05\/foto003-300x300.jpg",300,300,true],"cvmm-medium-plus":["https:\/\/elregionaldigital.info\/wp-content\/uploads\/2025\/05\/foto003-305x207.jpg",305,207,true],"cvmm-portrait":["https:\/\/elregionaldigital.info\/wp-content\/uploads\/2025\/05\/foto003-400x600.jpg",400,600,true],"cvmm-medium-square":["https:\/\/elregionaldigital.info\/wp-content\/uploads\/2025\/05\/foto003-600x600.jpg",600,600,true],"cvmm-large":["https:\/\/elregionaldigital.info\/wp-content\/uploads\/2025\/05\/foto003-1024x1024.jpg",1024,1024,true],"cvmm-small":["https:\/\/elregionaldigital.info\/wp-content\/uploads\/2025\/05\/foto003-130x95.jpg",130,95,true],"full":["https:\/\/elregionaldigital.info\/wp-content\/uploads\/2025\/05\/foto003.jpg",2560,1706,false]},"_links":{"self":[{"href":"https:\/\/elregionaldigital.info\/index.php?rest_route=\/wp\/v2\/posts\/4520","targetHints":{"allow":["GET"]}}],"collection":[{"href":"https:\/\/elregionaldigital.info\/index.php?rest_route=\/wp\/v2\/posts"}],"about":[{"href":"https:\/\/elregionaldigital.info\/index.php?rest_route=\/wp\/v2\/types\/post"}],"author":[{"embeddable":true,"href":"https:\/\/elregionaldigital.info\/index.php?rest_route=\/wp\/v2\/users\/1"}],"replies":[{"embeddable":true,"href":"https:\/\/elregionaldigital.info\/index.php?rest_route=%2Fwp%2Fv2%2Fcomments&post=4520"}],"version-history":[{"count":1,"href":"https:\/\/elregionaldigital.info\/index.php?rest_route=\/wp\/v2\/posts\/4520\/revisions"}],"predecessor-version":[{"id":4522,"href":"https:\/\/elregionaldigital.info\/index.php?rest_route=\/wp\/v2\/posts\/4520\/revisions\/4522"}],"wp:featuredmedia":[{"embeddable":true,"href":"https:\/\/elregionaldigital.info\/index.php?rest_route=\/wp\/v2\/media\/4521"}],"wp:attachment":[{"href":"https:\/\/elregionaldigital.info\/index.php?rest_route=%2Fwp%2Fv2%2Fmedia&parent=4520"}],"wp:term":[{"taxonomy":"category","embeddable":true,"href":"https:\/\/elregionaldigital.info\/index.php?rest_route=%2Fwp%2Fv2%2Fcategories&post=4520"},{"taxonomy":"post_tag","embeddable":true,"href":"https:\/\/elregionaldigital.info\/index.php?rest_route=%2Fwp%2Fv2%2Ftags&post=4520"}],"curies":[{"name":"wp","href":"https:\/\/api.w.org\/{rel}","templated":true}]}}