{"id":4501,"date":"2025-05-11T04:59:06","date_gmt":"2025-05-11T04:59:06","guid":{"rendered":"https:\/\/elregionaldigital.info\/?p=4501"},"modified":"2025-05-12T04:59:38","modified_gmt":"2025-05-12T04:59:38","slug":"correcaminos-de-la-uat-es-campeon-de-campeones-de-la-liga-premier","status":"publish","type":"post","link":"https:\/\/elregionaldigital.info\/?p=4501","title":{"rendered":"\u00a1Correcaminos de la UAT es Campe\u00f3n de Campeones de la Liga Premier!"},"content":{"rendered":"\n<p><\/p>\n\n\n\n<p>Correcaminos de la Universidad Aut\u00f3noma de Tamaulipas se coron\u00f3 con el trofeo de Campe\u00f3n de<br>Campeones de filiales de la Liga Premier, Serie A, al vencer por marcador global 2-3 a Aguacateros<br>de Uruapan y llegar a la fase de tiempos extra en este importante duelo.<br>El compromiso de la final de vuelta se disput\u00f3 en las instalaciones de la Unidad Deportiva<br>Hermanos L\u00f3pez Ray\u00f3n, donde Correcaminos pele\u00f3 con intensidad para obtener el campeonato.<br>Jorge Dimas, estratega victorense envi\u00f3 al terreno de juego a Miguel Mart\u00ednez, Mario Sarmiento,<br>Marco L\u00f3pez, Leonardo D\u00e1vila, Alan Aguilar, Servando Aguilar, Alexis Mac\u00edas, Luis Requena, Rafael<br>Arce, Joaqu\u00edn Estopier y Heber Vel\u00e1zquez.<br>Con gran motivaci\u00f3n e intensidad, el equipo de Victoria se posicion\u00f3 en el terreno de juego<br>durante la primera mitad, buscando la ventaja para irse adelante en el marcador.<br>Al 8\u2019 lleg\u00f3 el 1-0 para Uruapan con anotaci\u00f3n de Rafael Pahua.<br>La UAT sigui\u00f3 con la en\u00e9rgica pelea por el esf\u00e9rico en busca del gol.<br>El marcador al medio tiempo fue de 1-0 favor Uruapan.<br>Para la segunda parte, el equipo de la UAT continu\u00f3 con la potencia para lograr el gol del<br>campeonato.<br>Al 75\u2019 lleg\u00f3 el 2-0 de Uruapan obra de Luis Sandoval.<br>Para el tiempo agregado de la segunda mitad, cay\u00f3 el gol naranja con una anotaci\u00f3n de Eduardo<br>Egu\u00eda tras una jugada en el \u00e1rea rival donde remat\u00f3 enfrente del portero para poner el 2-1, global<br>2-2.<br>Con el 2-1 en los 90 minutos reglamentarios de este partido de vuelta, marcador global 2-2, el<br>partido finaliz\u00f3 y se procedi\u00f3 al tiempo extra.<br>Al minuto 103 lleg\u00f3 la segunda anotaci\u00f3n naranja con gol de Joaqu\u00edn Estopier, quien defini\u00f3 frente<br>al \u00e1rea local tras un centro por la izquierda.<br>El \u00e1rbitro marc\u00f3 el final del partido con el marcador 2-2 global 2-3, con lo que Correcaminos de la<br>UAT se proclam\u00f3 Campe\u00f3n de Campeones de filiales de la Liga Premier, Serie A.<\/p>\n","protected":false},"excerpt":{"rendered":"<p>Correcaminos de la Universidad Aut\u00f3noma de Tamaulipas se coron\u00f3 con el trofeo de Campe\u00f3n deCampeones de filiales de la Liga Premier, Serie A, al vencer por marcador global 2-3 a Aguacaterosde Uruapan y llegar a la fase de tiempos extra en este importante duelo.El compromiso de la final de vuelta se disput\u00f3 en las instalaciones [&hellip;]<\/p>\n","protected":false},"author":1,"featured_media":4502,"comment_status":"open","ping_status":"open","sticky":false,"template":"","format":"standard","meta":{"footnotes":""},"categories":[6,4],"tags":[],"class_list":["post-4501","post","type-post","status-publish","format-standard","has-post-thumbnail","hentry","category-deportes","category-universidades"],"blog_post_layout_featured_media_urls":{"thumbnail":["https:\/\/elregionaldigital.info\/wp-content\/uploads\/2025\/05\/foto-3-150x150.jpeg",150,150,true],"full":["https:\/\/elregionaldigital.info\/wp-content\/uploads\/2025\/05\/foto-3-scaled.jpeg",2560,1706,false]},"categories_names":{"6":{"name":"Deportes","link":"https:\/\/elregionaldigital.info\/?cat=6"},"4":{"name":"Universidades","link":"https:\/\/elregionaldigital.info\/?cat=4"}},"tags_names":[],"comments_number":"0","wpmagazine_modules_lite_featured_media_urls":{"thumbnail":["https:\/\/elregionaldigital.info\/wp-content\/uploads\/2025\/05\/foto-3-150x150.jpeg",150,150,true],"cvmm-medium":["https:\/\/elregionaldigital.info\/wp-content\/uploads\/2025\/05\/foto-3-300x300.jpeg",300,300,true],"cvmm-medium-plus":["https:\/\/elregionaldigital.info\/wp-content\/uploads\/2025\/05\/foto-3-305x207.jpeg",305,207,true],"cvmm-portrait":["https:\/\/elregionaldigital.info\/wp-content\/uploads\/2025\/05\/foto-3-400x600.jpeg",400,600,true],"cvmm-medium-square":["https:\/\/elregionaldigital.info\/wp-content\/uploads\/2025\/05\/foto-3-600x600.jpeg",600,600,true],"cvmm-large":["https:\/\/elregionaldigital.info\/wp-content\/uploads\/2025\/05\/foto-3-scaled.jpeg",1024,682,false],"cvmm-small":["https:\/\/elregionaldigital.info\/wp-content\/uploads\/2025\/05\/foto-3-scaled.jpeg",130,87,false],"full":["https:\/\/elregionaldigital.info\/wp-content\/uploads\/2025\/05\/foto-3-scaled.jpeg",2560,1706,false]},"_links":{"self":[{"href":"https:\/\/elregionaldigital.info\/index.php?rest_route=\/wp\/v2\/posts\/4501","targetHints":{"allow":["GET"]}}],"collection":[{"href":"https:\/\/elregionaldigital.info\/index.php?rest_route=\/wp\/v2\/posts"}],"about":[{"href":"https:\/\/elregionaldigital.info\/index.php?rest_route=\/wp\/v2\/types\/post"}],"author":[{"embeddable":true,"href":"https:\/\/elregionaldigital.info\/index.php?rest_route=\/wp\/v2\/users\/1"}],"replies":[{"embeddable":true,"href":"https:\/\/elregionaldigital.info\/index.php?rest_route=%2Fwp%2Fv2%2Fcomments&post=4501"}],"version-history":[{"count":1,"href":"https:\/\/elregionaldigital.info\/index.php?rest_route=\/wp\/v2\/posts\/4501\/revisions"}],"predecessor-version":[{"id":4503,"href":"https:\/\/elregionaldigital.info\/index.php?rest_route=\/wp\/v2\/posts\/4501\/revisions\/4503"}],"wp:featuredmedia":[{"embeddable":true,"href":"https:\/\/elregionaldigital.info\/index.php?rest_route=\/wp\/v2\/media\/4502"}],"wp:attachment":[{"href":"https:\/\/elregionaldigital.info\/index.php?rest_route=%2Fwp%2Fv2%2Fmedia&parent=4501"}],"wp:term":[{"taxonomy":"category","embeddable":true,"href":"https:\/\/elregionaldigital.info\/index.php?rest_route=%2Fwp%2Fv2%2Fcategories&post=4501"},{"taxonomy":"post_tag","embeddable":true,"href":"https:\/\/elregionaldigital.info\/index.php?rest_route=%2Fwp%2Fv2%2Ftags&post=4501"}],"curies":[{"name":"wp","href":"https:\/\/api.w.org\/{rel}","templated":true}]}}