{"id":4492,"date":"2025-05-09T01:27:49","date_gmt":"2025-05-09T01:27:49","guid":{"rendered":"https:\/\/elregionaldigital.info\/?p=4492"},"modified":"2025-05-12T01:28:13","modified_gmt":"2025-05-12T01:28:13","slug":"extiende-la-uat-invitacion-al-congreso-internacional-de-etica-ciencia-y-educacion","status":"publish","type":"post","link":"https:\/\/elregionaldigital.info\/?p=4492","title":{"rendered":"Extiende la UAT invitaci\u00f3n al Congreso Internacional de \u00c9tica, Ciencia y Educaci\u00f3n"},"content":{"rendered":"\n<p>La Universidad Aut\u00f3noma de Tamaulipas (UAT) invita a toda la comunidad universitaria a<br>participar en el VI Congreso Internacional de \u00c9tica, Ciencia y Educaci\u00f3n de la Universidad<br>Aut\u00f3noma de Coahuila, que se celebrar\u00e1 del 24 al 26 de septiembre de 2025.<br>Como instituci\u00f3n coorganizadora de este congreso, la UAT hace extensiva la invitaci\u00f3n a este foro<br>interdisciplinario que busca promover una perspectiva plural, abierta y responsable; consolidar<br>sociedades m\u00e1s justas y \u00e9ticas; fortalecer los lazos de colaboraci\u00f3n institucional; y fomentar la<br>investigaci\u00f3n, el di\u00e1logo y la difusi\u00f3n del conocimiento.<br>Podr\u00e1n participar investigadores, docentes, profesionistas y estudiantes con propuestas en las<br>modalidades de ponencia (presencial o virtual), p\u00f3ster, micro ponencia, taller, presentaci\u00f3n de<br>libros y revistas acad\u00e9micas, y conferencias magistrales.<br>Los trabajos deber\u00e1n ajustarse a alguna de las siguientes l\u00edneas tem\u00e1ticas: formaci\u00f3n integral y<br>metodolog\u00edas educativas innovadoras ante desaf\u00edos \u00e9ticos en contextos conflictivos; retos y<br>prospectivas \u00e9ticas en el desarrollo sostenible y cient\u00edfico; \u00e9tica de la inteligencia artificial en la<br>educaci\u00f3n, ciencia y comunicaci\u00f3n; quehacer universitario con perspectivas de g\u00e9nero; retos<br>\u00e9ticos en un mundo globalizado e intercultural; y alcances \u00e9ticos en la diversidad sexo gen\u00e9rica,<br>inclusi\u00f3n e igualdad.<br>Los interesados deber\u00e1n enviar un resumen de su propuesta antes del 16 de mayo de 2025 a<br>trav\u00e9s de la plataforma habilitada en el portal oficial del VI Congreso Internacional de \u00c9tica,<br>Ciencia y Educaci\u00f3n de la Universidad Aut\u00f3noma de Coahuila.<br>Para m\u00e1s informaci\u00f3n, consultar el portal oficial del evento en<br>http:\/\/www.congresointernacional.uadec.mx y la p\u00e1gina de Facebook \u201cCongreso Internacional<br>\u00c9tica, Ciencia y Educaci\u00f3n\u201d.<\/p>\n","protected":false},"excerpt":{"rendered":"<p>La Universidad Aut\u00f3noma de Tamaulipas (UAT) invita a toda la comunidad universitaria aparticipar en el VI Congreso Internacional de \u00c9tica, Ciencia y Educaci\u00f3n de la UniversidadAut\u00f3noma de Coahuila, que se celebrar\u00e1 del 24 al 26 de septiembre de 2025.Como instituci\u00f3n coorganizadora de este congreso, la UAT hace extensiva la invitaci\u00f3n a este forointerdisciplinario que busca [&hellip;]<\/p>\n","protected":false},"author":1,"featured_media":4493,"comment_status":"open","ping_status":"open","sticky":false,"template":"","format":"standard","meta":{"footnotes":""},"categories":[4],"tags":[],"class_list":["post-4492","post","type-post","status-publish","format-standard","has-post-thumbnail","hentry","category-universidades"],"blog_post_layout_featured_media_urls":{"thumbnail":["https:\/\/elregionaldigital.info\/wp-content\/uploads\/2025\/05\/foto-1-congreso-09-05-2025-150x150.jpg",150,150,true],"full":["https:\/\/elregionaldigital.info\/wp-content\/uploads\/2025\/05\/foto-1-congreso-09-05-2025-scaled.jpg",2560,1707,false]},"categories_names":{"4":{"name":"Universidades","link":"https:\/\/elregionaldigital.info\/?cat=4"}},"tags_names":[],"comments_number":"0","wpmagazine_modules_lite_featured_media_urls":{"thumbnail":["https:\/\/elregionaldigital.info\/wp-content\/uploads\/2025\/05\/foto-1-congreso-09-05-2025-150x150.jpg",150,150,true],"cvmm-medium":["https:\/\/elregionaldigital.info\/wp-content\/uploads\/2025\/05\/foto-1-congreso-09-05-2025-300x300.jpg",300,300,true],"cvmm-medium-plus":["https:\/\/elregionaldigital.info\/wp-content\/uploads\/2025\/05\/foto-1-congreso-09-05-2025-305x207.jpg",305,207,true],"cvmm-portrait":["https:\/\/elregionaldigital.info\/wp-content\/uploads\/2025\/05\/foto-1-congreso-09-05-2025-400x600.jpg",400,600,true],"cvmm-medium-square":["https:\/\/elregionaldigital.info\/wp-content\/uploads\/2025\/05\/foto-1-congreso-09-05-2025-600x600.jpg",600,600,true],"cvmm-large":["https:\/\/elregionaldigital.info\/wp-content\/uploads\/2025\/05\/foto-1-congreso-09-05-2025-1024x1024.jpg",1024,1024,true],"cvmm-small":["https:\/\/elregionaldigital.info\/wp-content\/uploads\/2025\/05\/foto-1-congreso-09-05-2025-130x95.jpg",130,95,true],"full":["https:\/\/elregionaldigital.info\/wp-content\/uploads\/2025\/05\/foto-1-congreso-09-05-2025-scaled.jpg",2560,1707,false]},"_links":{"self":[{"href":"https:\/\/elregionaldigital.info\/index.php?rest_route=\/wp\/v2\/posts\/4492","targetHints":{"allow":["GET"]}}],"collection":[{"href":"https:\/\/elregionaldigital.info\/index.php?rest_route=\/wp\/v2\/posts"}],"about":[{"href":"https:\/\/elregionaldigital.info\/index.php?rest_route=\/wp\/v2\/types\/post"}],"author":[{"embeddable":true,"href":"https:\/\/elregionaldigital.info\/index.php?rest_route=\/wp\/v2\/users\/1"}],"replies":[{"embeddable":true,"href":"https:\/\/elregionaldigital.info\/index.php?rest_route=%2Fwp%2Fv2%2Fcomments&post=4492"}],"version-history":[{"count":1,"href":"https:\/\/elregionaldigital.info\/index.php?rest_route=\/wp\/v2\/posts\/4492\/revisions"}],"predecessor-version":[{"id":4494,"href":"https:\/\/elregionaldigital.info\/index.php?rest_route=\/wp\/v2\/posts\/4492\/revisions\/4494"}],"wp:featuredmedia":[{"embeddable":true,"href":"https:\/\/elregionaldigital.info\/index.php?rest_route=\/wp\/v2\/media\/4493"}],"wp:attachment":[{"href":"https:\/\/elregionaldigital.info\/index.php?rest_route=%2Fwp%2Fv2%2Fmedia&parent=4492"}],"wp:term":[{"taxonomy":"category","embeddable":true,"href":"https:\/\/elregionaldigital.info\/index.php?rest_route=%2Fwp%2Fv2%2Fcategories&post=4492"},{"taxonomy":"post_tag","embeddable":true,"href":"https:\/\/elregionaldigital.info\/index.php?rest_route=%2Fwp%2Fv2%2Ftags&post=4492"}],"curies":[{"name":"wp","href":"https:\/\/api.w.org\/{rel}","templated":true}]}}