{"id":4470,"date":"2025-05-07T19:09:25","date_gmt":"2025-05-07T19:09:25","guid":{"rendered":"https:\/\/elregionaldigital.info\/?p=4470"},"modified":"2025-05-07T19:09:26","modified_gmt":"2025-05-07T19:09:26","slug":"correcaminos-uat-va-por-el-campeon-de-campeones-de-la-liga-premier","status":"publish","type":"post","link":"https:\/\/elregionaldigital.info\/?p=4470","title":{"rendered":"Correcaminos UAT va por el Campe\u00f3n de Campeones de la Liga Premier"},"content":{"rendered":"\n<p>La Universidad Aut\u00f3noma de Tamaulipas invita a toda la afici\u00f3n victorense para que apoye al<br>equipo Correcaminos de la UAT en el partido de ida por el t\u00edtulo de Campe\u00f3n de Campeones de la<br>Temporada 2024-2025 de la Liga Premier Serie A (Filiales).<br>El partido se llevar\u00e1 a cabo este jueves 8 de mayo, en punto de las 10:00 horas, en el Estadio<br>Eugenio Alvizo Porras del Centro Universitario. La entrada es libre.<br>Correcaminos llega motivado luego de coronarse campe\u00f3n del Torneo Clausura 2025, con una<br>gran actuaci\u00f3n ante Leones Negros de la U. de G., venciendo con marcador global de 2-1.<br>Ahora, el equipo de la UAT se prepara para enfrentar a Aguacateros de Uruapan, campeones del<br>Torneo Apertura 2024, en una final que promete una intensa batalla por el t\u00edtulo.<br>El rector de la UAT, D\u00e1maso Anaya Alvarado, quien ha manifestado constantemente su respaldo al<br>deporte universitario, hace un llamado a toda la comunidad para que asistan y alienten con<br>orgullo a nuestros Correcaminos.<br>El cuerpo t\u00e9cnico de correcaminos, encabezado por Jorge Dimas, ha trabajado intensamente para<br>cerrar la temporada de la mejor manera, y quieren hacerlo con el apoyo de su gente.<br>La UAT agradece profundamente a toda la afici\u00f3n que los acompa\u00f1\u00f3 durante el torneo y celebr\u00f3 el<br>campeonato junto al equipo, y los invita a seguir motiv\u00e1ndolos con su presencia en este<br>importante encuentro.<\/p>\n","protected":false},"excerpt":{"rendered":"<p>La Universidad Aut\u00f3noma de Tamaulipas invita a toda la afici\u00f3n victorense para que apoye alequipo Correcaminos de la UAT en el partido de ida por el t\u00edtulo de Campe\u00f3n de Campeones de laTemporada 2024-2025 de la Liga Premier Serie A (Filiales).El partido se llevar\u00e1 a cabo este jueves 8 de mayo, en punto de las [&hellip;]<\/p>\n","protected":false},"author":1,"featured_media":4471,"comment_status":"open","ping_status":"open","sticky":false,"template":"","format":"standard","meta":{"footnotes":""},"categories":[6,4],"tags":[],"class_list":["post-4470","post","type-post","status-publish","format-standard","has-post-thumbnail","hentry","category-deportes","category-universidades"],"blog_post_layout_featured_media_urls":{"thumbnail":["https:\/\/elregionaldigital.info\/wp-content\/uploads\/2025\/05\/2-1-150x150.jpeg",150,150,true],"full":["https:\/\/elregionaldigital.info\/wp-content\/uploads\/2025\/05\/2-1.jpeg",2331,1554,false]},"categories_names":{"6":{"name":"Deportes","link":"https:\/\/elregionaldigital.info\/?cat=6"},"4":{"name":"Universidades","link":"https:\/\/elregionaldigital.info\/?cat=4"}},"tags_names":[],"comments_number":"0","wpmagazine_modules_lite_featured_media_urls":{"thumbnail":["https:\/\/elregionaldigital.info\/wp-content\/uploads\/2025\/05\/2-1-150x150.jpeg",150,150,true],"cvmm-medium":["https:\/\/elregionaldigital.info\/wp-content\/uploads\/2025\/05\/2-1-300x300.jpeg",300,300,true],"cvmm-medium-plus":["https:\/\/elregionaldigital.info\/wp-content\/uploads\/2025\/05\/2-1-305x207.jpeg",305,207,true],"cvmm-portrait":["https:\/\/elregionaldigital.info\/wp-content\/uploads\/2025\/05\/2-1-400x600.jpeg",400,600,true],"cvmm-medium-square":["https:\/\/elregionaldigital.info\/wp-content\/uploads\/2025\/05\/2-1-600x600.jpeg",600,600,true],"cvmm-large":["https:\/\/elregionaldigital.info\/wp-content\/uploads\/2025\/05\/2-1-1024x1024.jpeg",1024,1024,true],"cvmm-small":["https:\/\/elregionaldigital.info\/wp-content\/uploads\/2025\/05\/2-1-130x95.jpeg",130,95,true],"full":["https:\/\/elregionaldigital.info\/wp-content\/uploads\/2025\/05\/2-1.jpeg",2331,1554,false]},"_links":{"self":[{"href":"https:\/\/elregionaldigital.info\/index.php?rest_route=\/wp\/v2\/posts\/4470","targetHints":{"allow":["GET"]}}],"collection":[{"href":"https:\/\/elregionaldigital.info\/index.php?rest_route=\/wp\/v2\/posts"}],"about":[{"href":"https:\/\/elregionaldigital.info\/index.php?rest_route=\/wp\/v2\/types\/post"}],"author":[{"embeddable":true,"href":"https:\/\/elregionaldigital.info\/index.php?rest_route=\/wp\/v2\/users\/1"}],"replies":[{"embeddable":true,"href":"https:\/\/elregionaldigital.info\/index.php?rest_route=%2Fwp%2Fv2%2Fcomments&post=4470"}],"version-history":[{"count":1,"href":"https:\/\/elregionaldigital.info\/index.php?rest_route=\/wp\/v2\/posts\/4470\/revisions"}],"predecessor-version":[{"id":4472,"href":"https:\/\/elregionaldigital.info\/index.php?rest_route=\/wp\/v2\/posts\/4470\/revisions\/4472"}],"wp:featuredmedia":[{"embeddable":true,"href":"https:\/\/elregionaldigital.info\/index.php?rest_route=\/wp\/v2\/media\/4471"}],"wp:attachment":[{"href":"https:\/\/elregionaldigital.info\/index.php?rest_route=%2Fwp%2Fv2%2Fmedia&parent=4470"}],"wp:term":[{"taxonomy":"category","embeddable":true,"href":"https:\/\/elregionaldigital.info\/index.php?rest_route=%2Fwp%2Fv2%2Fcategories&post=4470"},{"taxonomy":"post_tag","embeddable":true,"href":"https:\/\/elregionaldigital.info\/index.php?rest_route=%2Fwp%2Fv2%2Ftags&post=4470"}],"curies":[{"name":"wp","href":"https:\/\/api.w.org\/{rel}","templated":true}]}}