{"id":4464,"date":"2025-05-04T14:49:09","date_gmt":"2025-05-04T14:49:09","guid":{"rendered":"https:\/\/elregionaldigital.info\/?p=4464"},"modified":"2025-05-07T14:49:38","modified_gmt":"2025-05-07T14:49:38","slug":"nueva-zelanda-quitaria-redes-sociales-a-menores-de-16-anos-les-genera-angustia-sicologica","status":"publish","type":"post","link":"https:\/\/elregionaldigital.info\/?p=4464","title":{"rendered":"Nueva Zelanda quitar\u00eda redes sociales a menores de 16 a\u00f1os; les genera angustia sicol\u00f3gica"},"content":{"rendered":"\n<p><a href=\"https:\/\/laverdad.com.mx\/wp-content\/uploads\/2025\/05\/5redes.webp\"><\/a><\/p>\n\n\n\n<p>El gobierno de Nueva Zelanda anunci\u00f3 una propuesta legislativa que busca impedir que menores de 16 a\u00f1os accedan a redes sociales, con el objetivo de protegerlos de los riesgos asociados a estas plataformas.<\/p>\n\n\n\n<p>La iniciativa se presenta en un contexto global donde reguladores internacionales debaten c\u00f3mo resguardar a ni\u00f1os y adolescentes frente a contenidos violentos o alarmantes en l\u00ednea.<\/p>\n\n\n\n<p>El primer ministro, Christopher Luxon, detall\u00f3 un paquete de leyes que exigir\u00eda verificar la edad m\u00ednima de 16 a\u00f1os para usar redes sociales, estableciendo multas de hasta 2 millones de d\u00f3lares neozelandeses para las compa\u00f1\u00edas que incumplan.<\/p>\n\n\n\n<p><strong>Inspiraci\u00f3n en el modelo australiano<\/strong><\/p>\n\n\n\n<p>La propuesta se basa en la legislaci\u00f3n australiana, considerada una de las m\u00e1s estrictas del mundo en regulaci\u00f3n de redes sociales, adoptada en noviembre del a\u00f1o pasado.<\/p>\n\n\n\n<p>Luxon afirm\u00f3: \u201cSe trata de proteger a nuestras ni\u00f1as y ni\u00f1os; se trata de asegurar que las empresas de redes sociales cumplan su papel en mantener su seguridad\u201d.<\/p>\n\n\n\n<p>El proyecto fue formulado por el Partido Nacional, la principal fuerza de la coalici\u00f3n de gobierno, y para ser aprobado requerir\u00e1 el apoyo de los otros dos partidos aliados.<\/p>\n\n\n\n<p><strong>Resistencia de las tecnol\u00f3gicas y contexto internacional<\/strong><\/p>\n\n\n\n<p>Grandes firmas tecnol\u00f3gicas han rechazado este tipo de normativas, calific\u00e1ndolas como \u201cvagas\u201d y \u201cproblem\u00e1ticas\u201d, argumentando preocupaciones sobre la privacidad y la viabilidad t\u00e9cnica de la verificaci\u00f3n de edad.<\/p>\n\n\n\n<p>La medida de Nueva Zelanda se suma a una tendencia internacional para regular el acceso de menores a redes, impulsada por crecientes preocupaciones sobre salud mental, acoso cibern\u00e9tico y exposici\u00f3n a contenido inadecuado.<\/p>\n\n\n\n<p>Un informe de UNICEF (2023) se\u00f1ala que el 80% de los adolescentes de 13 a 15 a\u00f1os utiliza redes sociales a diario, lo que ha generado m\u00faltiples alertas sobre su bienestar emocional.<\/p>\n","protected":false},"excerpt":{"rendered":"<p>El gobierno de Nueva Zelanda anunci\u00f3 una propuesta legislativa que busca impedir que menores de 16 a\u00f1os accedan a redes sociales, con el objetivo de protegerlos de los riesgos asociados a estas plataformas. La iniciativa se presenta en un contexto global donde reguladores internacionales debaten c\u00f3mo resguardar a ni\u00f1os y adolescentes frente a contenidos violentos [&hellip;]<\/p>\n","protected":false},"author":1,"featured_media":4465,"comment_status":"open","ping_status":"open","sticky":false,"template":"","format":"standard","meta":{"footnotes":""},"categories":[11],"tags":[],"class_list":["post-4464","post","type-post","status-publish","format-standard","has-post-thumbnail","hentry","category-mundo"],"blog_post_layout_featured_media_urls":{"thumbnail":["https:\/\/elregionaldigital.info\/wp-content\/uploads\/2025\/05\/5redes-750x563-1-150x150.webp",150,150,true],"full":["https:\/\/elregionaldigital.info\/wp-content\/uploads\/2025\/05\/5redes-750x563-1.webp",750,563,false]},"categories_names":{"11":{"name":"Mundo","link":"https:\/\/elregionaldigital.info\/?cat=11"}},"tags_names":[],"comments_number":"0","wpmagazine_modules_lite_featured_media_urls":{"thumbnail":["https:\/\/elregionaldigital.info\/wp-content\/uploads\/2025\/05\/5redes-750x563-1-150x150.webp",150,150,true],"cvmm-medium":["https:\/\/elregionaldigital.info\/wp-content\/uploads\/2025\/05\/5redes-750x563-1-300x300.webp",300,300,true],"cvmm-medium-plus":["https:\/\/elregionaldigital.info\/wp-content\/uploads\/2025\/05\/5redes-750x563-1-305x207.webp",305,207,true],"cvmm-portrait":["https:\/\/elregionaldigital.info\/wp-content\/uploads\/2025\/05\/5redes-750x563-1-400x563.webp",400,563,true],"cvmm-medium-square":["https:\/\/elregionaldigital.info\/wp-content\/uploads\/2025\/05\/5redes-750x563-1-600x563.webp",600,563,true],"cvmm-large":["https:\/\/elregionaldigital.info\/wp-content\/uploads\/2025\/05\/5redes-750x563-1.webp",750,563,false],"cvmm-small":["https:\/\/elregionaldigital.info\/wp-content\/uploads\/2025\/05\/5redes-750x563-1-130x95.webp",130,95,true],"full":["https:\/\/elregionaldigital.info\/wp-content\/uploads\/2025\/05\/5redes-750x563-1.webp",750,563,false]},"_links":{"self":[{"href":"https:\/\/elregionaldigital.info\/index.php?rest_route=\/wp\/v2\/posts\/4464","targetHints":{"allow":["GET"]}}],"collection":[{"href":"https:\/\/elregionaldigital.info\/index.php?rest_route=\/wp\/v2\/posts"}],"about":[{"href":"https:\/\/elregionaldigital.info\/index.php?rest_route=\/wp\/v2\/types\/post"}],"author":[{"embeddable":true,"href":"https:\/\/elregionaldigital.info\/index.php?rest_route=\/wp\/v2\/users\/1"}],"replies":[{"embeddable":true,"href":"https:\/\/elregionaldigital.info\/index.php?rest_route=%2Fwp%2Fv2%2Fcomments&post=4464"}],"version-history":[{"count":1,"href":"https:\/\/elregionaldigital.info\/index.php?rest_route=\/wp\/v2\/posts\/4464\/revisions"}],"predecessor-version":[{"id":4466,"href":"https:\/\/elregionaldigital.info\/index.php?rest_route=\/wp\/v2\/posts\/4464\/revisions\/4466"}],"wp:featuredmedia":[{"embeddable":true,"href":"https:\/\/elregionaldigital.info\/index.php?rest_route=\/wp\/v2\/media\/4465"}],"wp:attachment":[{"href":"https:\/\/elregionaldigital.info\/index.php?rest_route=%2Fwp%2Fv2%2Fmedia&parent=4464"}],"wp:term":[{"taxonomy":"category","embeddable":true,"href":"https:\/\/elregionaldigital.info\/index.php?rest_route=%2Fwp%2Fv2%2Fcategories&post=4464"},{"taxonomy":"post_tag","embeddable":true,"href":"https:\/\/elregionaldigital.info\/index.php?rest_route=%2Fwp%2Fv2%2Ftags&post=4464"}],"curies":[{"name":"wp","href":"https:\/\/api.w.org\/{rel}","templated":true}]}}