{"id":4455,"date":"2025-05-03T14:45:25","date_gmt":"2025-05-03T14:45:25","guid":{"rendered":"https:\/\/elregionaldigital.info\/?p=4455"},"modified":"2025-05-07T14:45:53","modified_gmt":"2025-05-07T14:45:53","slug":"canelo-alvarez-enfrentara-a-terence-crawford-en-las-vegas-el-12-de-septiembre","status":"publish","type":"post","link":"https:\/\/elregionaldigital.info\/?p=4455","title":{"rendered":"\u2018Canelo\u2019 Alvarez enfrentar\u00e1 a Terence Crawford en Las Vegas el 12 de septiembre"},"content":{"rendered":"\n<p><a href=\"https:\/\/laverdad.com.mx\/wp-content\/uploads\/2025\/05\/3pelea.webp\"><\/a><\/p>\n\n\n\n<p>Luego de que \u2018Canelo\u2019 \u00c1lvarez derrotara a William Scull y se proclamara como campe\u00f3n mundial indiscutido del peso supermediano, se oficializ\u00f3 que Terence Crawford ser\u00e1 su pr\u00f3ximo rival, mismo con el que se ver\u00e1 las caras el viernes 12 de septiembre.<\/p>\n\n\n\n<p>El anuncio del combate entre \u2018Canelo\u2019 y Crawford fue minutos despu\u00e9s de que el tapat\u00edo se apropiara de los cinturones FIB, AMB, OMB y CMB ante el cubano, a quien recrimin\u00f3 sobre la postura que adopt\u00f3 en la contienda celebrada en Riad.<\/p>\n\n\n\n<p>Detalles de la pelea entre \u2018Canelo\u2019 y Crawford:<\/p>\n\n\n\n<p>D\u00eda: viernes 12 de septiembre, 2025.<\/p>\n\n\n\n<p>Horario: estelar, por confirmar.<\/p>\n\n\n\n<p>Sede: Allegiant Stadium, Las Vegas, Estados Unidos.<\/p>\n\n\n\n<p>Esta ser\u00e1 la primera defensa de \u2018Canelo\u2019 como campe\u00f3n mundial indiscutido del peso supermediano ante uno de los rivales que desde hace algunos meses se encontraban \u2018en el radar\u2019 del mexicano, por lo que la contienda podr\u00eda convertirse en una de las m\u00e1s relevantes en la carrera reciente del \u2018rey\u2019 de la categor\u00eda.<\/p>\n\n\n\n<p>Terence Crawford (37 a\u00f1os) est\u00e1 invicto luego de 41\u00a0peleas<\/p>\n","protected":false},"excerpt":{"rendered":"<p>Luego de que \u2018Canelo\u2019 \u00c1lvarez derrotara a William Scull y se proclamara como campe\u00f3n mundial indiscutido del peso supermediano, se oficializ\u00f3 que Terence Crawford ser\u00e1 su pr\u00f3ximo rival, mismo con el que se ver\u00e1 las caras el viernes 12 de septiembre. El anuncio del combate entre \u2018Canelo\u2019 y Crawford fue minutos despu\u00e9s de que el [&hellip;]<\/p>\n","protected":false},"author":1,"featured_media":4456,"comment_status":"open","ping_status":"open","sticky":false,"template":"","format":"standard","meta":{"footnotes":""},"categories":[6],"tags":[],"class_list":["post-4455","post","type-post","status-publish","format-standard","has-post-thumbnail","hentry","category-deportes"],"blog_post_layout_featured_media_urls":{"thumbnail":["https:\/\/elregionaldigital.info\/wp-content\/uploads\/2025\/05\/3pelea-750x563-1-150x150.webp",150,150,true],"full":["https:\/\/elregionaldigital.info\/wp-content\/uploads\/2025\/05\/3pelea-750x563-1.webp",750,563,false]},"categories_names":{"6":{"name":"Deportes","link":"https:\/\/elregionaldigital.info\/?cat=6"}},"tags_names":[],"comments_number":"0","wpmagazine_modules_lite_featured_media_urls":{"thumbnail":["https:\/\/elregionaldigital.info\/wp-content\/uploads\/2025\/05\/3pelea-750x563-1-150x150.webp",150,150,true],"cvmm-medium":["https:\/\/elregionaldigital.info\/wp-content\/uploads\/2025\/05\/3pelea-750x563-1-300x300.webp",300,300,true],"cvmm-medium-plus":["https:\/\/elregionaldigital.info\/wp-content\/uploads\/2025\/05\/3pelea-750x563-1-305x207.webp",305,207,true],"cvmm-portrait":["https:\/\/elregionaldigital.info\/wp-content\/uploads\/2025\/05\/3pelea-750x563-1-400x563.webp",400,563,true],"cvmm-medium-square":["https:\/\/elregionaldigital.info\/wp-content\/uploads\/2025\/05\/3pelea-750x563-1-600x563.webp",600,563,true],"cvmm-large":["https:\/\/elregionaldigital.info\/wp-content\/uploads\/2025\/05\/3pelea-750x563-1.webp",750,563,false],"cvmm-small":["https:\/\/elregionaldigital.info\/wp-content\/uploads\/2025\/05\/3pelea-750x563-1-130x95.webp",130,95,true],"full":["https:\/\/elregionaldigital.info\/wp-content\/uploads\/2025\/05\/3pelea-750x563-1.webp",750,563,false]},"_links":{"self":[{"href":"https:\/\/elregionaldigital.info\/index.php?rest_route=\/wp\/v2\/posts\/4455","targetHints":{"allow":["GET"]}}],"collection":[{"href":"https:\/\/elregionaldigital.info\/index.php?rest_route=\/wp\/v2\/posts"}],"about":[{"href":"https:\/\/elregionaldigital.info\/index.php?rest_route=\/wp\/v2\/types\/post"}],"author":[{"embeddable":true,"href":"https:\/\/elregionaldigital.info\/index.php?rest_route=\/wp\/v2\/users\/1"}],"replies":[{"embeddable":true,"href":"https:\/\/elregionaldigital.info\/index.php?rest_route=%2Fwp%2Fv2%2Fcomments&post=4455"}],"version-history":[{"count":1,"href":"https:\/\/elregionaldigital.info\/index.php?rest_route=\/wp\/v2\/posts\/4455\/revisions"}],"predecessor-version":[{"id":4457,"href":"https:\/\/elregionaldigital.info\/index.php?rest_route=\/wp\/v2\/posts\/4455\/revisions\/4457"}],"wp:featuredmedia":[{"embeddable":true,"href":"https:\/\/elregionaldigital.info\/index.php?rest_route=\/wp\/v2\/media\/4456"}],"wp:attachment":[{"href":"https:\/\/elregionaldigital.info\/index.php?rest_route=%2Fwp%2Fv2%2Fmedia&parent=4455"}],"wp:term":[{"taxonomy":"category","embeddable":true,"href":"https:\/\/elregionaldigital.info\/index.php?rest_route=%2Fwp%2Fv2%2Fcategories&post=4455"},{"taxonomy":"post_tag","embeddable":true,"href":"https:\/\/elregionaldigital.info\/index.php?rest_route=%2Fwp%2Fv2%2Ftags&post=4455"}],"curies":[{"name":"wp","href":"https:\/\/api.w.org\/{rel}","templated":true}]}}