{"id":4449,"date":"2025-05-06T14:42:34","date_gmt":"2025-05-06T14:42:34","guid":{"rendered":"https:\/\/elregionaldigital.info\/?p=4449"},"modified":"2025-05-07T14:42:59","modified_gmt":"2025-05-07T14:42:59","slug":"impulsaran-turismo-en-tula-con-nueva-carretera","status":"publish","type":"post","link":"https:\/\/elregionaldigital.info\/?p=4449","title":{"rendered":"Impulsar\u00e1n turismo en Tula con nueva carretera"},"content":{"rendered":"\n<p> Para integrar al pueblo m\u00e1gico de Tula al corredor comercial que conectar\u00e1 el baj\u00edo y las zonas industriales del centro de la Rep\u00fablica con los puertos mar\u00edtimos de Altamira y Tampico, ser\u00e1 este fin de a\u00f1o cuando sea inaugurada la carretera Tula-Ocampo- Mante, confirm\u00f3 el Gobernador del Estado Am\u00e9rico Villarreal Anaya.<\/p>\n\n\n\n<p>Fue durante una gira de trabajo por el municipio de Tula donde el titular del Poder Ejecutivo destac\u00f3; \u201clos vamos a integrar a un corredor econ\u00f3mico sumamente importante con esta carretera Tula Ocampo, Mante y el puerto de Altamira, esa carretera se va a concluir seg\u00fan los planes para fines de este a\u00f1o, en diciembre de este a\u00f1o y el tr\u00e1fico se va a incrementar enormemente\u201d.<\/p>\n\n\n\n<p>Villarreal Anaya se\u00f1al\u00f3 que la carretera Tula Ocampo ahora va a ser una fuente de ahorro de transporte de dos horas para que toda la producci\u00f3n industrial y de maquiladoras en la regi\u00f3n centro de M\u00e9xico, en el \u00e1rea de Guanajuato, el Baj\u00edo, el \u00e1rea industrial San Luis Potos\u00ed, opte por esta v\u00eda de comunicaci\u00f3n; \u201cpara llegar m\u00e1s pronto a los puertos de Tamaulipas, de Altamira y de Tampico\u201d.<\/p>\n\n\n\n<p>Al incrementarse la movilidad en la regi\u00f3n, dijo, se incrementar\u00e1 la cantidad de gente que va a poder conocer y apreciar el pueblo m\u00e1gico de Tula; \u201cy ahora con su cruz monumental la m\u00e1s grande de M\u00e9xico, le podr\u00edamos dar esa dimensi\u00f3n y que podamos tener mejores oportunidades de calidad y de vida para todos<\/p>\n\n\n\n<p>El Gobernador del Estado detall\u00f3 que esta carretera estar\u00e1 costando m\u00e1s de ocho mil millones de pesos.<\/p>\n\n\n\n<p>\u201cAqu\u00ed esta regi\u00f3n es una de las m\u00e1s visitadas en el transcurso del a\u00f1o, por gente que viene a ver este pueblo m\u00e1gico este pueblo centenario de Tula, y es un gusto que eso puede estar dando oportunidades de crecimiento y desarrollo econ\u00f3mico\u201d, recalc\u00f3.<\/p>\n\n\n\n<p>Cabe se\u00f1alar que esta tarde, el gobernador del Estado Am\u00e9rico Villarreal Anaya hizo entrega de becas en el Gimnasio Profesor \u00c1ngel Izaguirre as\u00ed como tambi\u00e9n de la Cruz Monumental en el Municipio de Tula.<\/p>\n","protected":false},"excerpt":{"rendered":"<p>Para integrar al pueblo m\u00e1gico de Tula al corredor comercial que conectar\u00e1 el baj\u00edo y las zonas industriales del centro de la Rep\u00fablica con los puertos mar\u00edtimos de Altamira y Tampico, ser\u00e1 este fin de a\u00f1o cuando sea inaugurada la carretera Tula-Ocampo- Mante, confirm\u00f3 el Gobernador del Estado Am\u00e9rico Villarreal Anaya. Fue durante una gira [&hellip;]<\/p>\n","protected":false},"author":1,"featured_media":4450,"comment_status":"open","ping_status":"open","sticky":false,"template":"","format":"standard","meta":{"footnotes":""},"categories":[2],"tags":[],"class_list":["post-4449","post","type-post","status-publish","format-standard","has-post-thumbnail","hentry","category-tamaulipas"],"blog_post_layout_featured_media_urls":{"thumbnail":["https:\/\/elregionaldigital.info\/wp-content\/uploads\/2025\/05\/tula-750x405-1-150x150.jpeg",150,150,true],"full":["https:\/\/elregionaldigital.info\/wp-content\/uploads\/2025\/05\/tula-750x405-1.jpeg",750,405,false]},"categories_names":{"2":{"name":"Tamaulipas","link":"https:\/\/elregionaldigital.info\/?cat=2"}},"tags_names":[],"comments_number":"0","wpmagazine_modules_lite_featured_media_urls":{"thumbnail":["https:\/\/elregionaldigital.info\/wp-content\/uploads\/2025\/05\/tula-750x405-1-150x150.jpeg",150,150,true],"cvmm-medium":["https:\/\/elregionaldigital.info\/wp-content\/uploads\/2025\/05\/tula-750x405-1-300x300.jpeg",300,300,true],"cvmm-medium-plus":["https:\/\/elregionaldigital.info\/wp-content\/uploads\/2025\/05\/tula-750x405-1-305x207.jpeg",305,207,true],"cvmm-portrait":["https:\/\/elregionaldigital.info\/wp-content\/uploads\/2025\/05\/tula-750x405-1-400x405.jpeg",400,405,true],"cvmm-medium-square":["https:\/\/elregionaldigital.info\/wp-content\/uploads\/2025\/05\/tula-750x405-1-600x405.jpeg",600,405,true],"cvmm-large":["https:\/\/elregionaldigital.info\/wp-content\/uploads\/2025\/05\/tula-750x405-1.jpeg",750,405,false],"cvmm-small":["https:\/\/elregionaldigital.info\/wp-content\/uploads\/2025\/05\/tula-750x405-1-130x95.jpeg",130,95,true],"full":["https:\/\/elregionaldigital.info\/wp-content\/uploads\/2025\/05\/tula-750x405-1.jpeg",750,405,false]},"_links":{"self":[{"href":"https:\/\/elregionaldigital.info\/index.php?rest_route=\/wp\/v2\/posts\/4449","targetHints":{"allow":["GET"]}}],"collection":[{"href":"https:\/\/elregionaldigital.info\/index.php?rest_route=\/wp\/v2\/posts"}],"about":[{"href":"https:\/\/elregionaldigital.info\/index.php?rest_route=\/wp\/v2\/types\/post"}],"author":[{"embeddable":true,"href":"https:\/\/elregionaldigital.info\/index.php?rest_route=\/wp\/v2\/users\/1"}],"replies":[{"embeddable":true,"href":"https:\/\/elregionaldigital.info\/index.php?rest_route=%2Fwp%2Fv2%2Fcomments&post=4449"}],"version-history":[{"count":1,"href":"https:\/\/elregionaldigital.info\/index.php?rest_route=\/wp\/v2\/posts\/4449\/revisions"}],"predecessor-version":[{"id":4451,"href":"https:\/\/elregionaldigital.info\/index.php?rest_route=\/wp\/v2\/posts\/4449\/revisions\/4451"}],"wp:featuredmedia":[{"embeddable":true,"href":"https:\/\/elregionaldigital.info\/index.php?rest_route=\/wp\/v2\/media\/4450"}],"wp:attachment":[{"href":"https:\/\/elregionaldigital.info\/index.php?rest_route=%2Fwp%2Fv2%2Fmedia&parent=4449"}],"wp:term":[{"taxonomy":"category","embeddable":true,"href":"https:\/\/elregionaldigital.info\/index.php?rest_route=%2Fwp%2Fv2%2Fcategories&post=4449"},{"taxonomy":"post_tag","embeddable":true,"href":"https:\/\/elregionaldigital.info\/index.php?rest_route=%2Fwp%2Fv2%2Ftags&post=4449"}],"curies":[{"name":"wp","href":"https:\/\/api.w.org\/{rel}","templated":true}]}}