{"id":4446,"date":"2025-05-05T14:40:57","date_gmt":"2025-05-05T14:40:57","guid":{"rendered":"https:\/\/elregionaldigital.info\/?p=4446"},"modified":"2025-05-07T14:41:28","modified_gmt":"2025-05-07T14:41:28","slug":"abren-una-nueva-etapa-para-atraer-mas-inversiones-y-turistas-a-regiones-de-mexico","status":"publish","type":"post","link":"https:\/\/elregionaldigital.info\/?p=4446","title":{"rendered":"Abren una nueva etapa para atraer m\u00e1s inversiones y turistas a regiones de M\u00e9xico"},"content":{"rendered":"\n<p><a href=\"https:\/\/laverdad.com.mx\/wp-content\/uploads\/2025\/05\/4tur.jpeg\"><\/a><\/p>\n\n\n\n<p>Ensenada, Baja California. \u2013 Por medio de la digitalizaci\u00f3n, capacitaci\u00f3n, diversificaci\u00f3n tur\u00edstica, conectividad y atracci\u00f3n de inversiones, la Uni\u00f3n de Secretarias y Secretarios de Turismo de M\u00e9xico (ASETUR), proyecta una nueva etapa para fortalecer al sector.<\/p>\n\n\n\n<p>En el marco de la 61 Asamblea Ordinaria, Benjam\u00edn Hern\u00e1ndez Rodr\u00edguez, secretario de Turismo en Tamaulipas aval\u00f3 al lado de sus hom\u00f3logos de todo el pa\u00eds, las prioridades estrat\u00e9gicas del sector tur\u00edstico a nivel nacional.<\/p>\n\n\n\n<p>La reuni\u00f3n fue presidida por la secretaria de Turismo federal, Josefina Rodr\u00edguez Zamora y el presidente de Asetur, Bernardo Cueto Riestra, en el marco del Tianguis Tur\u00edstico M\u00e9xico 2025 que se realiz\u00f3 en Baja California.<\/p>\n\n\n\n<p>Hern\u00e1ndez Rodr\u00edguez dijo que el compromiso es fortalecer al sector, en cinco puntos primordiales, como es la competitividad, promoci\u00f3n, sustentabilidad, conectividad y protecci\u00f3n al turista.<\/p>\n\n\n\n<p>Explic\u00f3 que en la reuni\u00f3n \u201cse dieron a conocer estrategias de digitalizaci\u00f3n, destinos emergentes, mejoras de comercializaci\u00f3n, cat\u00e1logos de productos, la marca activa de \u201cM\u00e9xico\u201d, mejoras de conectividad, fortalecimiento del Registro Nacional de Empresas Tur\u00edsticas y verificaci\u00f3n de prestadores de servicio, entre otras m\u00e1s\u201d.<\/p>\n\n\n\n<p>\u201cDe lo que se trata es de impulsar, fortalecer e incrementar la afluencia y por ende la derrama econ\u00f3mica en los destinos tur\u00edsticos, tal como lo est\u00e1 haciendo el gobernador Am\u00e9rico Villarreal Anaya inyectando recursos en obras y m\u00e1s seguridad\u201d, concluy\u00f3.<\/p>\n","protected":false},"excerpt":{"rendered":"<p>Ensenada, Baja California. \u2013 Por medio de la digitalizaci\u00f3n, capacitaci\u00f3n, diversificaci\u00f3n tur\u00edstica, conectividad y atracci\u00f3n de inversiones, la Uni\u00f3n de Secretarias y Secretarios de Turismo de M\u00e9xico (ASETUR), proyecta una nueva etapa para fortalecer al sector. En el marco de la 61 Asamblea Ordinaria, Benjam\u00edn Hern\u00e1ndez Rodr\u00edguez, secretario de Turismo en Tamaulipas aval\u00f3 al lado [&hellip;]<\/p>\n","protected":false},"author":1,"featured_media":4447,"comment_status":"open","ping_status":"open","sticky":false,"template":"","format":"standard","meta":{"footnotes":""},"categories":[5],"tags":[],"class_list":["post-4446","post","type-post","status-publish","format-standard","has-post-thumbnail","hentry","category-nacional"],"blog_post_layout_featured_media_urls":{"thumbnail":["https:\/\/elregionaldigital.info\/wp-content\/uploads\/2025\/05\/4tur-750x513-1-150x150.jpeg",150,150,true],"full":["https:\/\/elregionaldigital.info\/wp-content\/uploads\/2025\/05\/4tur-750x513-1.jpeg",750,513,false]},"categories_names":{"5":{"name":"Nacional","link":"https:\/\/elregionaldigital.info\/?cat=5"}},"tags_names":[],"comments_number":"0","wpmagazine_modules_lite_featured_media_urls":{"thumbnail":["https:\/\/elregionaldigital.info\/wp-content\/uploads\/2025\/05\/4tur-750x513-1-150x150.jpeg",150,150,true],"cvmm-medium":["https:\/\/elregionaldigital.info\/wp-content\/uploads\/2025\/05\/4tur-750x513-1-300x300.jpeg",300,300,true],"cvmm-medium-plus":["https:\/\/elregionaldigital.info\/wp-content\/uploads\/2025\/05\/4tur-750x513-1-305x207.jpeg",305,207,true],"cvmm-portrait":["https:\/\/elregionaldigital.info\/wp-content\/uploads\/2025\/05\/4tur-750x513-1-400x513.jpeg",400,513,true],"cvmm-medium-square":["https:\/\/elregionaldigital.info\/wp-content\/uploads\/2025\/05\/4tur-750x513-1-600x513.jpeg",600,513,true],"cvmm-large":["https:\/\/elregionaldigital.info\/wp-content\/uploads\/2025\/05\/4tur-750x513-1.jpeg",750,513,false],"cvmm-small":["https:\/\/elregionaldigital.info\/wp-content\/uploads\/2025\/05\/4tur-750x513-1-130x95.jpeg",130,95,true],"full":["https:\/\/elregionaldigital.info\/wp-content\/uploads\/2025\/05\/4tur-750x513-1.jpeg",750,513,false]},"_links":{"self":[{"href":"https:\/\/elregionaldigital.info\/index.php?rest_route=\/wp\/v2\/posts\/4446","targetHints":{"allow":["GET"]}}],"collection":[{"href":"https:\/\/elregionaldigital.info\/index.php?rest_route=\/wp\/v2\/posts"}],"about":[{"href":"https:\/\/elregionaldigital.info\/index.php?rest_route=\/wp\/v2\/types\/post"}],"author":[{"embeddable":true,"href":"https:\/\/elregionaldigital.info\/index.php?rest_route=\/wp\/v2\/users\/1"}],"replies":[{"embeddable":true,"href":"https:\/\/elregionaldigital.info\/index.php?rest_route=%2Fwp%2Fv2%2Fcomments&post=4446"}],"version-history":[{"count":1,"href":"https:\/\/elregionaldigital.info\/index.php?rest_route=\/wp\/v2\/posts\/4446\/revisions"}],"predecessor-version":[{"id":4448,"href":"https:\/\/elregionaldigital.info\/index.php?rest_route=\/wp\/v2\/posts\/4446\/revisions\/4448"}],"wp:featuredmedia":[{"embeddable":true,"href":"https:\/\/elregionaldigital.info\/index.php?rest_route=\/wp\/v2\/media\/4447"}],"wp:attachment":[{"href":"https:\/\/elregionaldigital.info\/index.php?rest_route=%2Fwp%2Fv2%2Fmedia&parent=4446"}],"wp:term":[{"taxonomy":"category","embeddable":true,"href":"https:\/\/elregionaldigital.info\/index.php?rest_route=%2Fwp%2Fv2%2Fcategories&post=4446"},{"taxonomy":"post_tag","embeddable":true,"href":"https:\/\/elregionaldigital.info\/index.php?rest_route=%2Fwp%2Fv2%2Ftags&post=4446"}],"curies":[{"name":"wp","href":"https:\/\/api.w.org\/{rel}","templated":true}]}}