{"id":4437,"date":"2025-05-06T13:37:44","date_gmt":"2025-05-06T13:37:44","guid":{"rendered":"https:\/\/elregionaldigital.info\/?p=4437"},"modified":"2025-05-07T13:38:19","modified_gmt":"2025-05-07T13:38:19","slug":"implementa-la-uat-herramienta-digital-para-orientar-sobre-la-eleccion-judicial","status":"publish","type":"post","link":"https:\/\/elregionaldigital.info\/?p=4437","title":{"rendered":"Implementa la UAT herramienta digital para orientar sobre la elecci\u00f3n judicial"},"content":{"rendered":"\n<p><br>La Universidad Aut\u00f3noma de Tamaulipas (UAT) pondr\u00e1 a disposici\u00f3n de su comunidad una<br>herramienta digital que le permitir\u00e1 comprender de manera clara el procedimiento para emitir su<br>voto en la elecci\u00f3n del poder judicial.<br>Al respecto, el rector de la UAT, D\u00e1maso Anaya Alvarado, resalt\u00f3 que esta iniciativa es una<br>respuesta a solicitudes expresas de directores y directoras, especialmente de las facultades de<br>Derecho, ubicadas en las zonas sur, norte y centro del estado.<br>En ese sentido, explic\u00f3 que se trabaja en la implementaci\u00f3n de un instrumento digital de<br>socializaci\u00f3n de la boleta electoral, el cual estar\u00e1 alojado en el sitio web oficial de la UAT.<br>Subray\u00f3 el objetivo de facilitar la comprensi\u00f3n de una elecci\u00f3n in\u00e9dita y compleja, que contempla<br>un n\u00famero considerable de candidatas y candidatos a cargos como jueces, magistrados y ministros<br>del Poder Judicial Federal.<br>Ante la naturaleza novedosa del proceso y la diversidad de opciones que se presentar\u00e1n en la<br>boleta electoral, el rector enfatiz\u00f3 la importancia de que la comunidad universitaria se mantenga<br>informada y preparada para ejercer un voto consciente y bien fundamentado.<br>De igual manera, reiter\u00f3 el compromiso de la UAT para contribuir con el Instituto Nacional<br>Electoral (INE) y el Instituto Electoral de Tamaulipas (IETAM), en el sentido de fortalecer la<br>participaci\u00f3n c\u00edvica y la cultura democr\u00e1tica en la sociedad.<br>Destac\u00f3 que, mediante los convenios firmados este a\u00f1o con las autoridades electorales, la UAT<br>reafirma su colaboraci\u00f3n en este proceso electoral poniendo a su disposici\u00f3n los auditorios,<br>centros de excelencia y otras instalaciones con que cuenta para la realizaci\u00f3n de foros y debates<br>entre las personas candidatas a cargos judiciales.<br>Concluy\u00f3 que este ejercicio es parte tambi\u00e9n del compromiso institucional de la Universidad con la<br>formaci\u00f3n integral de su estudiantado, destacando que no solamente se forman profesionistas,<br>sino que tambi\u00e9n se trabaja de manera constante en fomentar una ciudadan\u00eda activa, responsable<br>y participativa.<\/p>\n","protected":false},"excerpt":{"rendered":"<p>La Universidad Aut\u00f3noma de Tamaulipas (UAT) pondr\u00e1 a disposici\u00f3n de su comunidad unaherramienta digital que le permitir\u00e1 comprender de manera clara el procedimiento para emitir suvoto en la elecci\u00f3n del poder judicial.Al respecto, el rector de la UAT, D\u00e1maso Anaya Alvarado, resalt\u00f3 que esta iniciativa es unarespuesta a solicitudes expresas de directores y directoras, especialmente [&hellip;]<\/p>\n","protected":false},"author":1,"featured_media":4438,"comment_status":"open","ping_status":"open","sticky":false,"template":"","format":"standard","meta":{"footnotes":""},"categories":[4],"tags":[],"class_list":["post-4437","post","type-post","status-publish","format-standard","has-post-thumbnail","hentry","category-universidades"],"blog_post_layout_featured_media_urls":{"thumbnail":["https:\/\/elregionaldigital.info\/wp-content\/uploads\/2025\/05\/1-1-1-1-150x150.jpg",150,150,true],"full":["https:\/\/elregionaldigital.info\/wp-content\/uploads\/2025\/05\/1-1-1-1-scaled.jpg",2560,1707,false]},"categories_names":{"4":{"name":"Universidades","link":"https:\/\/elregionaldigital.info\/?cat=4"}},"tags_names":[],"comments_number":"0","wpmagazine_modules_lite_featured_media_urls":{"thumbnail":["https:\/\/elregionaldigital.info\/wp-content\/uploads\/2025\/05\/1-1-1-1-150x150.jpg",150,150,true],"cvmm-medium":["https:\/\/elregionaldigital.info\/wp-content\/uploads\/2025\/05\/1-1-1-1-300x300.jpg",300,300,true],"cvmm-medium-plus":["https:\/\/elregionaldigital.info\/wp-content\/uploads\/2025\/05\/1-1-1-1-305x207.jpg",305,207,true],"cvmm-portrait":["https:\/\/elregionaldigital.info\/wp-content\/uploads\/2025\/05\/1-1-1-1-400x600.jpg",400,600,true],"cvmm-medium-square":["https:\/\/elregionaldigital.info\/wp-content\/uploads\/2025\/05\/1-1-1-1-600x600.jpg",600,600,true],"cvmm-large":["https:\/\/elregionaldigital.info\/wp-content\/uploads\/2025\/05\/1-1-1-1-1024x1024.jpg",1024,1024,true],"cvmm-small":["https:\/\/elregionaldigital.info\/wp-content\/uploads\/2025\/05\/1-1-1-1-130x95.jpg",130,95,true],"full":["https:\/\/elregionaldigital.info\/wp-content\/uploads\/2025\/05\/1-1-1-1-scaled.jpg",2560,1707,false]},"_links":{"self":[{"href":"https:\/\/elregionaldigital.info\/index.php?rest_route=\/wp\/v2\/posts\/4437","targetHints":{"allow":["GET"]}}],"collection":[{"href":"https:\/\/elregionaldigital.info\/index.php?rest_route=\/wp\/v2\/posts"}],"about":[{"href":"https:\/\/elregionaldigital.info\/index.php?rest_route=\/wp\/v2\/types\/post"}],"author":[{"embeddable":true,"href":"https:\/\/elregionaldigital.info\/index.php?rest_route=\/wp\/v2\/users\/1"}],"replies":[{"embeddable":true,"href":"https:\/\/elregionaldigital.info\/index.php?rest_route=%2Fwp%2Fv2%2Fcomments&post=4437"}],"version-history":[{"count":1,"href":"https:\/\/elregionaldigital.info\/index.php?rest_route=\/wp\/v2\/posts\/4437\/revisions"}],"predecessor-version":[{"id":4439,"href":"https:\/\/elregionaldigital.info\/index.php?rest_route=\/wp\/v2\/posts\/4437\/revisions\/4439"}],"wp:featuredmedia":[{"embeddable":true,"href":"https:\/\/elregionaldigital.info\/index.php?rest_route=\/wp\/v2\/media\/4438"}],"wp:attachment":[{"href":"https:\/\/elregionaldigital.info\/index.php?rest_route=%2Fwp%2Fv2%2Fmedia&parent=4437"}],"wp:term":[{"taxonomy":"category","embeddable":true,"href":"https:\/\/elregionaldigital.info\/index.php?rest_route=%2Fwp%2Fv2%2Fcategories&post=4437"},{"taxonomy":"post_tag","embeddable":true,"href":"https:\/\/elregionaldigital.info\/index.php?rest_route=%2Fwp%2Fv2%2Ftags&post=4437"}],"curies":[{"name":"wp","href":"https:\/\/api.w.org\/{rel}","templated":true}]}}