{"id":4431,"date":"2025-05-05T14:27:21","date_gmt":"2025-05-05T14:27:21","guid":{"rendered":"https:\/\/elregionaldigital.info\/?p=4431"},"modified":"2025-05-06T14:27:54","modified_gmt":"2025-05-06T14:27:54","slug":"recibe-rector-a-los-correcaminos-campeones-de-la-liga-premier","status":"publish","type":"post","link":"https:\/\/elregionaldigital.info\/?p=4431","title":{"rendered":"Recibe rector a los Correcaminos campeones de la Liga Premier"},"content":{"rendered":"\n<p>El rector de la Universidad Aut\u00f3noma de Tamaulipas (UAT), D\u00e1maso Anaya Alvarado, recibi\u00f3 a los<br>integrantes del equipo Correcaminos de la UAT, quienes se coronaron campeones de la Liga<br>Premier tras vencer a los Leones Negros de la Universidad de Guadalajara, con un marcador global<br>de 2-1 en la final de la liguilla de filiales del Torneo de Futbol Clausura 2025 de la Serie A.<br>En medio de un gran ambiente en las instalaciones del Centro de Formaci\u00f3n de F\u00fatbol del Club<br>Correcaminos, el rector D\u00e1maso Anaya celebr\u00f3 junto a los jugadores, cuerpo t\u00e9cnico, familiares,<br>amigos y comunidad universitaria el emotivo arribo del equipo campe\u00f3n donde fueron recibidos<br>con aplausos, porras y muestras de orgullo tras su regreso triunfal a casa.<br>El rector felicit\u00f3 personalmente a cada uno de los jugadores, reconociendo el esfuerzo, la<br>disciplina y el compromiso que demostraron en cada etapa del torneo. Comparti\u00f3 con ellos la<br>alegr\u00eda del triunfo, alzando el trofeo y portando la medalla de campe\u00f3n como muestra del orgullo<br>que representa este logro, no solo para la Universidad, sino tambi\u00e9n para Tamaulipas.<br>D\u00e1maso Anaya subray\u00f3 que esta victoria simboliza el fruto del trabajo enfocado en el<br>fortalecimiento del talento joven y deportivo, impulsado por el proyecto institucional que apuesta<br>por la formaci\u00f3n de nuevos valores. Afirm\u00f3 que la UAT continuar\u00e1 respaldando a sus deportistas,<br>promoviendo la pr\u00e1ctica del deporte como una v\u00eda para la formaci\u00f3n integral del estudiantado.<br>Asimismo, destac\u00f3 que el campeonato representa un parteaguas en el proyecto deportivo de la<br>UAT, pues motiva a seguir construyendo equipos s\u00f3lidos, apostando por las fuerzas b\u00e1sicas y<br>ampliando las oportunidades para que m\u00e1s j\u00f3venes tamaulipecos desarrollen su talento.<br>De igual manera, invit\u00f3 al equipo a seguir dando lo mejor de s\u00ed en el pr\u00f3ximo compromiso ante los<br>Aguacateros de Uruapan, en el duelo por el t\u00edtulo de Campe\u00f3n de Campeones del torneo 2024-<br>2025 de la Liga Premier.<\/p>\n","protected":false},"excerpt":{"rendered":"<p>El rector de la Universidad Aut\u00f3noma de Tamaulipas (UAT), D\u00e1maso Anaya Alvarado, recibi\u00f3 a losintegrantes del equipo Correcaminos de la UAT, quienes se coronaron campeones de la LigaPremier tras vencer a los Leones Negros de la Universidad de Guadalajara, con un marcador globalde 2-1 en la final de la liguilla de filiales del Torneo de [&hellip;]<\/p>\n","protected":false},"author":1,"featured_media":4432,"comment_status":"open","ping_status":"open","sticky":false,"template":"","format":"standard","meta":{"footnotes":""},"categories":[6,4],"tags":[],"class_list":["post-4431","post","type-post","status-publish","format-standard","has-post-thumbnail","hentry","category-deportes","category-universidades"],"blog_post_layout_featured_media_urls":{"thumbnail":["https:\/\/elregionaldigital.info\/wp-content\/uploads\/2025\/05\/1-2-150x150.jpeg",150,150,true],"full":["https:\/\/elregionaldigital.info\/wp-content\/uploads\/2025\/05\/1-2.jpeg",2560,1706,false]},"categories_names":{"6":{"name":"Deportes","link":"https:\/\/elregionaldigital.info\/?cat=6"},"4":{"name":"Universidades","link":"https:\/\/elregionaldigital.info\/?cat=4"}},"tags_names":[],"comments_number":"0","wpmagazine_modules_lite_featured_media_urls":{"thumbnail":["https:\/\/elregionaldigital.info\/wp-content\/uploads\/2025\/05\/1-2-150x150.jpeg",150,150,true],"cvmm-medium":["https:\/\/elregionaldigital.info\/wp-content\/uploads\/2025\/05\/1-2-300x300.jpeg",300,300,true],"cvmm-medium-plus":["https:\/\/elregionaldigital.info\/wp-content\/uploads\/2025\/05\/1-2-305x207.jpeg",305,207,true],"cvmm-portrait":["https:\/\/elregionaldigital.info\/wp-content\/uploads\/2025\/05\/1-2-400x600.jpeg",400,600,true],"cvmm-medium-square":["https:\/\/elregionaldigital.info\/wp-content\/uploads\/2025\/05\/1-2-600x600.jpeg",600,600,true],"cvmm-large":["https:\/\/elregionaldigital.info\/wp-content\/uploads\/2025\/05\/1-2-1024x1024.jpeg",1024,1024,true],"cvmm-small":["https:\/\/elregionaldigital.info\/wp-content\/uploads\/2025\/05\/1-2-130x95.jpeg",130,95,true],"full":["https:\/\/elregionaldigital.info\/wp-content\/uploads\/2025\/05\/1-2.jpeg",2560,1706,false]},"_links":{"self":[{"href":"https:\/\/elregionaldigital.info\/index.php?rest_route=\/wp\/v2\/posts\/4431","targetHints":{"allow":["GET"]}}],"collection":[{"href":"https:\/\/elregionaldigital.info\/index.php?rest_route=\/wp\/v2\/posts"}],"about":[{"href":"https:\/\/elregionaldigital.info\/index.php?rest_route=\/wp\/v2\/types\/post"}],"author":[{"embeddable":true,"href":"https:\/\/elregionaldigital.info\/index.php?rest_route=\/wp\/v2\/users\/1"}],"replies":[{"embeddable":true,"href":"https:\/\/elregionaldigital.info\/index.php?rest_route=%2Fwp%2Fv2%2Fcomments&post=4431"}],"version-history":[{"count":1,"href":"https:\/\/elregionaldigital.info\/index.php?rest_route=\/wp\/v2\/posts\/4431\/revisions"}],"predecessor-version":[{"id":4433,"href":"https:\/\/elregionaldigital.info\/index.php?rest_route=\/wp\/v2\/posts\/4431\/revisions\/4433"}],"wp:featuredmedia":[{"embeddable":true,"href":"https:\/\/elregionaldigital.info\/index.php?rest_route=\/wp\/v2\/media\/4432"}],"wp:attachment":[{"href":"https:\/\/elregionaldigital.info\/index.php?rest_route=%2Fwp%2Fv2%2Fmedia&parent=4431"}],"wp:term":[{"taxonomy":"category","embeddable":true,"href":"https:\/\/elregionaldigital.info\/index.php?rest_route=%2Fwp%2Fv2%2Fcategories&post=4431"},{"taxonomy":"post_tag","embeddable":true,"href":"https:\/\/elregionaldigital.info\/index.php?rest_route=%2Fwp%2Fv2%2Ftags&post=4431"}],"curies":[{"name":"wp","href":"https:\/\/api.w.org\/{rel}","templated":true}]}}