{"id":4422,"date":"2025-05-03T14:08:09","date_gmt":"2025-05-03T14:08:09","guid":{"rendered":"https:\/\/elregionaldigital.info\/?p=4422"},"modified":"2025-05-05T14:08:38","modified_gmt":"2025-05-05T14:08:38","slug":"presenta-la-uat-su-talento-artistico-en-el-dia-de-internacional-de-la-danza","status":"publish","type":"post","link":"https:\/\/elregionaldigital.info\/?p=4422","title":{"rendered":"Presenta la UAT su talento art\u00edstico en el D\u00eda de Internacional de la Danza"},"content":{"rendered":"\n<p><br>La Universidad Aut\u00f3noma de Tamaulipas (UAT) conmemor\u00f3 el D\u00eda Internacional de la Danza 2025<br>con un magno evento que reuni\u00f3 a talentos representativos de la m\u00e1xima casa de estudios y a<br>destacadas agrupaciones de danza locales, en un programa que fusion\u00f3 tradici\u00f3n, innovaci\u00f3n y<br>diversidad cultural.<br>Teniendo como escenario el Teatro Amalia G. de Castillo Led\u00f3n del Centro Cultural Tamaulipas, el<br>evento cumpli\u00f3 con su objetivo de fortalecer la vinculaci\u00f3n cultural, promover la expresi\u00f3n<br>art\u00edstica como herramienta de cohesi\u00f3n social y proyectar el compromiso de la UAT con la<br>formaci\u00f3n integral del talento art\u00edstico.<br>Las coreograf\u00edas abarcaron g\u00e9neros como ballet cl\u00e1sico, danza a\u00e9rea, danza contempor\u00e1nea,<br>bellydance, tahitiano, lat\u00edn jazz, folclor, reguet\u00f3n, hiphop y tap, evidenciando la riqueza danc\u00edstica<br>en la entidad.<br>Se destac\u00f3 la participaci\u00f3n de los Talleres Art\u00edsticos Universitarios, que deleitaron con piezas<br>emblem\u00e1ticas de ballet cl\u00e1sico y danza moderna infantil y juvenil; mientras que el Ballet Folkl\u00f3rico<br>Infantil y el Ballet Folkl\u00f3rico UAT enaltecieron tradiciones regionales con bailes t\u00edpicos de la regi\u00f3n.<br>Adem\u00e1s, agrupaciones como Horus Dance, de la Facultad de Ciencias de la Educaci\u00f3n y<br>Humanidades, y FOX EnerG, de la Facultad de Comercio y Administraci\u00f3n Victoria, reflejaron la<br>diversidad del arte universitario.<br>Estuvieron presentes el secretario de Vinculaci\u00f3n de la UAT, Rogelio de Jes\u00fas Ram\u00edrez Flores, y la<br>secretar\u00eda de Gesti\u00f3n Escolar, Alma Amalia Hern\u00e1ndez Ilizaliturri, as\u00ed como directivos de las<br>facultades universitarias.<br>Como parte de la conmemoraci\u00f3n, el 30 de abril se replic\u00f3 este festejo en el Campus Tampico, con<br>la presentaci\u00f3n de la Compa\u00f1\u00eda de Danza Folkl\u00f3rica, el Ballet Folkl\u00f3rico Yacatecutli y el Ballet de<br>C\u00e1mara de la UAT.<br>Reafirmando el compromiso de fomentar el desarrollo art\u00edstico y de contribuir en generar espacios<br>de encuentro comunitario, la UAT llev\u00f3 a cabo este evento a trav\u00e9s de la Secretar\u00eda de Vinculaci\u00f3n<br>y la Direcci\u00f3n de Cultura y Arte, en coordinaci\u00f3n con el Gobierno del Estado, mediante el Instituto<br>Tamaulipeco para la Cultura y las Artes (ITCA)<\/p>\n","protected":false},"excerpt":{"rendered":"<p>La Universidad Aut\u00f3noma de Tamaulipas (UAT) conmemor\u00f3 el D\u00eda Internacional de la Danza 2025con un magno evento que reuni\u00f3 a talentos representativos de la m\u00e1xima casa de estudios y adestacadas agrupaciones de danza locales, en un programa que fusion\u00f3 tradici\u00f3n, innovaci\u00f3n ydiversidad cultural.Teniendo como escenario el Teatro Amalia G. de Castillo Led\u00f3n del Centro Cultural [&hellip;]<\/p>\n","protected":false},"author":1,"featured_media":4423,"comment_status":"open","ping_status":"open","sticky":false,"template":"","format":"standard","meta":{"footnotes":""},"categories":[4],"tags":[],"class_list":["post-4422","post","type-post","status-publish","format-standard","has-post-thumbnail","hentry","category-universidades"],"blog_post_layout_featured_media_urls":{"thumbnail":["https:\/\/elregionaldigital.info\/wp-content\/uploads\/2025\/05\/1-1-150x150.jpeg",150,150,true],"full":["https:\/\/elregionaldigital.info\/wp-content\/uploads\/2025\/05\/1-1.jpeg",2560,1706,false]},"categories_names":{"4":{"name":"Universidades","link":"https:\/\/elregionaldigital.info\/?cat=4"}},"tags_names":[],"comments_number":"0","wpmagazine_modules_lite_featured_media_urls":{"thumbnail":["https:\/\/elregionaldigital.info\/wp-content\/uploads\/2025\/05\/1-1-150x150.jpeg",150,150,true],"cvmm-medium":["https:\/\/elregionaldigital.info\/wp-content\/uploads\/2025\/05\/1-1-300x300.jpeg",300,300,true],"cvmm-medium-plus":["https:\/\/elregionaldigital.info\/wp-content\/uploads\/2025\/05\/1-1-305x207.jpeg",305,207,true],"cvmm-portrait":["https:\/\/elregionaldigital.info\/wp-content\/uploads\/2025\/05\/1-1-400x600.jpeg",400,600,true],"cvmm-medium-square":["https:\/\/elregionaldigital.info\/wp-content\/uploads\/2025\/05\/1-1-600x600.jpeg",600,600,true],"cvmm-large":["https:\/\/elregionaldigital.info\/wp-content\/uploads\/2025\/05\/1-1-1024x1024.jpeg",1024,1024,true],"cvmm-small":["https:\/\/elregionaldigital.info\/wp-content\/uploads\/2025\/05\/1-1-130x95.jpeg",130,95,true],"full":["https:\/\/elregionaldigital.info\/wp-content\/uploads\/2025\/05\/1-1.jpeg",2560,1706,false]},"_links":{"self":[{"href":"https:\/\/elregionaldigital.info\/index.php?rest_route=\/wp\/v2\/posts\/4422","targetHints":{"allow":["GET"]}}],"collection":[{"href":"https:\/\/elregionaldigital.info\/index.php?rest_route=\/wp\/v2\/posts"}],"about":[{"href":"https:\/\/elregionaldigital.info\/index.php?rest_route=\/wp\/v2\/types\/post"}],"author":[{"embeddable":true,"href":"https:\/\/elregionaldigital.info\/index.php?rest_route=\/wp\/v2\/users\/1"}],"replies":[{"embeddable":true,"href":"https:\/\/elregionaldigital.info\/index.php?rest_route=%2Fwp%2Fv2%2Fcomments&post=4422"}],"version-history":[{"count":1,"href":"https:\/\/elregionaldigital.info\/index.php?rest_route=\/wp\/v2\/posts\/4422\/revisions"}],"predecessor-version":[{"id":4424,"href":"https:\/\/elregionaldigital.info\/index.php?rest_route=\/wp\/v2\/posts\/4422\/revisions\/4424"}],"wp:featuredmedia":[{"embeddable":true,"href":"https:\/\/elregionaldigital.info\/index.php?rest_route=\/wp\/v2\/media\/4423"}],"wp:attachment":[{"href":"https:\/\/elregionaldigital.info\/index.php?rest_route=%2Fwp%2Fv2%2Fmedia&parent=4422"}],"wp:term":[{"taxonomy":"category","embeddable":true,"href":"https:\/\/elregionaldigital.info\/index.php?rest_route=%2Fwp%2Fv2%2Fcategories&post=4422"},{"taxonomy":"post_tag","embeddable":true,"href":"https:\/\/elregionaldigital.info\/index.php?rest_route=%2Fwp%2Fv2%2Ftags&post=4422"}],"curies":[{"name":"wp","href":"https:\/\/api.w.org\/{rel}","templated":true}]}}