{"id":4416,"date":"2025-05-01T13:38:07","date_gmt":"2025-05-01T13:38:07","guid":{"rendered":"https:\/\/elregionaldigital.info\/?p=4416"},"modified":"2025-05-05T13:38:33","modified_gmt":"2025-05-05T13:38:33","slug":"brinda-la-uat-festejo-a-ninos-y-ninas-del-personal-sindicalizado","status":"publish","type":"post","link":"https:\/\/elregionaldigital.info\/?p=4416","title":{"rendered":"Brinda la UAT festejo a ni\u00f1os y ni\u00f1as del personal sindicalizado"},"content":{"rendered":"\n<p><br>Con un ambiente lleno de color, risas y fraternidad, la Universidad Aut\u00f3noma de<br>Tamaulipas llev\u00f3 a cabo una emotiva celebraci\u00f3n del D\u00eda del Ni\u00f1o y la Ni\u00f1a dirigida a hijos<br>e hijas del personal universitario afiliado al Sindicato \u00danico de Trabajadores de la UAT<br>(SUTUAT).<br>El evento, celebrado en el Gimnasio Multidisciplinario Victoria, reuni\u00f3 a las familias<br>universitarias en una jornada de diversi\u00f3n, convivencia y reconocimiento al n\u00facleo laboral<br>de la instituci\u00f3n.<br>La presidenta honoraria de Familia UAT, Isolda Rend\u00f3n de Anaya, ofreci\u00f3 el festejo en<br>representaci\u00f3n del rector D\u00e1maso Anaya Alvarado, destacando el compromiso de la<br>administraci\u00f3n universitaria con las familias, celebrando momentos que reflejan el<br>humanismo y la unidad que distinguen a la comunidad de la m\u00e1xima casa de estudios.<br>Durante su intervenci\u00f3n, entreg\u00f3 juguetes a las y los menores y comparti\u00f3 momentos de<br>recreaci\u00f3n con las familias, destacando el compromiso institucional con el bienestar<br>integral de las y los trabajadores.<br>Por su parte, el secretario general estatal del SUTUAT, Jos\u00e9 Luis Casta\u00f1\u00f3n Ramos, enfatiz\u00f3<br>la importancia del evento y agradeci\u00f3 a la UAT por su apoyo constante hacia el personal<br>sindicalizado.<br>La celebraci\u00f3n incluy\u00f3 un variado show infantil con animadores, juegos y m\u00fasica; as\u00ed como<br>una zona de inflables para que los ni\u00f1os disfrutaran de actividades recreativas; y una<br>merienda con refrigerios para los asistentes.<br>La UAT y el SUTUAT refrendaron su compromiso con el desarrollo integral de las familias<br>trabajadoras, subrayando que eventos como este fortalecen valores como la solidaridad y la<br>pertenencia institucional.<br>Esta celebraci\u00f3n marc\u00f3 el inicio de una serie de actividades para festejar a los hijos e hijas<br>de las y los trabajadores universitarios en todo el estado, reforzando con ello el compromiso<br>institucional de promover espacios de esparcimiento, priorizando la integraci\u00f3n y el<br>desarrollo de la comunidad universitaria.<\/p>\n","protected":false},"excerpt":{"rendered":"<p>Con un ambiente lleno de color, risas y fraternidad, la Universidad Aut\u00f3noma deTamaulipas llev\u00f3 a cabo una emotiva celebraci\u00f3n del D\u00eda del Ni\u00f1o y la Ni\u00f1a dirigida a hijose hijas del personal universitario afiliado al Sindicato \u00danico de Trabajadores de la UAT(SUTUAT).El evento, celebrado en el Gimnasio Multidisciplinario Victoria, reuni\u00f3 a las familiasuniversitarias en una [&hellip;]<\/p>\n","protected":false},"author":1,"featured_media":4417,"comment_status":"open","ping_status":"open","sticky":false,"template":"","format":"standard","meta":{"footnotes":""},"categories":[4],"tags":[],"class_list":["post-4416","post","type-post","status-publish","format-standard","has-post-thumbnail","hentry","category-universidades"],"blog_post_layout_featured_media_urls":{"thumbnail":["https:\/\/elregionaldigital.info\/wp-content\/uploads\/2025\/05\/1-3-150x150.jpg",150,150,true],"full":["https:\/\/elregionaldigital.info\/wp-content\/uploads\/2025\/05\/1-3.jpg",2048,1366,false]},"categories_names":{"4":{"name":"Universidades","link":"https:\/\/elregionaldigital.info\/?cat=4"}},"tags_names":[],"comments_number":"0","wpmagazine_modules_lite_featured_media_urls":{"thumbnail":["https:\/\/elregionaldigital.info\/wp-content\/uploads\/2025\/05\/1-3-150x150.jpg",150,150,true],"cvmm-medium":["https:\/\/elregionaldigital.info\/wp-content\/uploads\/2025\/05\/1-3-300x300.jpg",300,300,true],"cvmm-medium-plus":["https:\/\/elregionaldigital.info\/wp-content\/uploads\/2025\/05\/1-3-305x207.jpg",305,207,true],"cvmm-portrait":["https:\/\/elregionaldigital.info\/wp-content\/uploads\/2025\/05\/1-3-400x600.jpg",400,600,true],"cvmm-medium-square":["https:\/\/elregionaldigital.info\/wp-content\/uploads\/2025\/05\/1-3-600x600.jpg",600,600,true],"cvmm-large":["https:\/\/elregionaldigital.info\/wp-content\/uploads\/2025\/05\/1-3-1024x1024.jpg",1024,1024,true],"cvmm-small":["https:\/\/elregionaldigital.info\/wp-content\/uploads\/2025\/05\/1-3-130x95.jpg",130,95,true],"full":["https:\/\/elregionaldigital.info\/wp-content\/uploads\/2025\/05\/1-3.jpg",2048,1366,false]},"_links":{"self":[{"href":"https:\/\/elregionaldigital.info\/index.php?rest_route=\/wp\/v2\/posts\/4416","targetHints":{"allow":["GET"]}}],"collection":[{"href":"https:\/\/elregionaldigital.info\/index.php?rest_route=\/wp\/v2\/posts"}],"about":[{"href":"https:\/\/elregionaldigital.info\/index.php?rest_route=\/wp\/v2\/types\/post"}],"author":[{"embeddable":true,"href":"https:\/\/elregionaldigital.info\/index.php?rest_route=\/wp\/v2\/users\/1"}],"replies":[{"embeddable":true,"href":"https:\/\/elregionaldigital.info\/index.php?rest_route=%2Fwp%2Fv2%2Fcomments&post=4416"}],"version-history":[{"count":1,"href":"https:\/\/elregionaldigital.info\/index.php?rest_route=\/wp\/v2\/posts\/4416\/revisions"}],"predecessor-version":[{"id":4418,"href":"https:\/\/elregionaldigital.info\/index.php?rest_route=\/wp\/v2\/posts\/4416\/revisions\/4418"}],"wp:featuredmedia":[{"embeddable":true,"href":"https:\/\/elregionaldigital.info\/index.php?rest_route=\/wp\/v2\/media\/4417"}],"wp:attachment":[{"href":"https:\/\/elregionaldigital.info\/index.php?rest_route=%2Fwp%2Fv2%2Fmedia&parent=4416"}],"wp:term":[{"taxonomy":"category","embeddable":true,"href":"https:\/\/elregionaldigital.info\/index.php?rest_route=%2Fwp%2Fv2%2Fcategories&post=4416"},{"taxonomy":"post_tag","embeddable":true,"href":"https:\/\/elregionaldigital.info\/index.php?rest_route=%2Fwp%2Fv2%2Ftags&post=4416"}],"curies":[{"name":"wp","href":"https:\/\/api.w.org\/{rel}","templated":true}]}}