{"id":4410,"date":"2025-04-27T17:43:09","date_gmt":"2025-04-27T17:43:09","guid":{"rendered":"https:\/\/elregionaldigital.info\/?p=4410"},"modified":"2025-05-02T17:44:38","modified_gmt":"2025-05-02T17:44:38","slug":"reanuda-la-uat-actividades-academicas-y-administrativas","status":"publish","type":"post","link":"https:\/\/elregionaldigital.info\/?p=4410","title":{"rendered":"Reanuda la UAT actividades acad\u00e9micas y administrativas"},"content":{"rendered":"\n<p>Conforme al Calendario Escolar Administrativo 2025, la Universidad Aut\u00f3noma de<br>Tamaulipas (UAT) reanudar\u00e1 oficialmente este lunes 28 de abril las actividades acad\u00e9micas<br>y administrativas en todas sus dependencias ubicadas en las regiones norte, centro y sur del<br>estado, tras concluir el periodo vacacional de primavera, efectuado del 14 al 25 de este<br>mismo mes.<br>La reactivaci\u00f3n marca el inicio de la fase final del periodo 2025-1, caracterizada por<br>procesos clave como evaluaciones institucionales, gesti\u00f3n de egresos, tr\u00e1mites de admisi\u00f3n<br>y preparativos para los ciclos venideros.<br>Durante esta fase se llevar\u00e1n a cabo las evaluaciones finales ordinarias, del 12 al 16 de<br>mayo; la conclusi\u00f3n de clases el 16 de mayo; y las evaluaciones extraordinarias, del 19 al<br>23 de mayo.<br>Paralelamente, se gestionar\u00e1n los procesos de admisi\u00f3n para el ciclo de oto\u00f1o 2025,<br>destacando el cierre de registro de aspirantes el 29 de abril, y la tercera aplicaci\u00f3n del<br>Examen de Admisi\u00f3n EXANI-II del CENEVAL el 20 de mayo, cuyos resultados se<br>publicar\u00e1n el 6 de junio.<br>Cabe recordar que las primeras aplicaciones del EXANI-II se realizaron los d\u00edas 19 de<br>marzo y 10 de abril, en cumplimiento con la planeaci\u00f3n institucional para garantizar<br>transparencia en los procesos de ingreso.<br>En cuanto al periodo de clases de verano 2025, las reinscripciones se realizar\u00e1n del 29 de<br>mayo al 6 de junio, con inicio de clases el 2 de junio.<br>La UAT enfatiza la importancia de consultar los canales oficiales de la Universidad y sus<br>respectivas unidades acad\u00e9micas, facultades y escuelas para acceder a informaci\u00f3n<br>actualizada sobre horarios, requisitos de tr\u00e1mites y fechas importantes.<br>Asimismo, reitera su compromiso con la excelencia educativa, la gesti\u00f3n eficiente y el<br>bienestar de su comunidad, invitando a estudiantes, docentes y personal administrativo a<br>integrarse con responsabilidad y colaboraci\u00f3n a esta etapa clave del a\u00f1o acad\u00e9mico.<\/p>\n","protected":false},"excerpt":{"rendered":"<p>Conforme al Calendario Escolar Administrativo 2025, la Universidad Aut\u00f3noma deTamaulipas (UAT) reanudar\u00e1 oficialmente este lunes 28 de abril las actividades acad\u00e9micasy administrativas en todas sus dependencias ubicadas en las regiones norte, centro y sur delestado, tras concluir el periodo vacacional de primavera, efectuado del 14 al 25 de estemismo mes.La reactivaci\u00f3n marca el inicio de [&hellip;]<\/p>\n","protected":false},"author":1,"featured_media":4411,"comment_status":"open","ping_status":"open","sticky":false,"template":"","format":"standard","meta":{"footnotes":""},"categories":[4],"tags":[],"class_list":["post-4410","post","type-post","status-publish","format-standard","has-post-thumbnail","hentry","category-universidades"],"blog_post_layout_featured_media_urls":{"thumbnail":["https:\/\/elregionaldigital.info\/wp-content\/uploads\/2025\/05\/1-2-150x150.jpg",150,150,true],"full":["https:\/\/elregionaldigital.info\/wp-content\/uploads\/2025\/05\/1-2-scaled.jpg",2560,1707,false]},"categories_names":{"4":{"name":"Universidades","link":"https:\/\/elregionaldigital.info\/?cat=4"}},"tags_names":[],"comments_number":"0","wpmagazine_modules_lite_featured_media_urls":{"thumbnail":["https:\/\/elregionaldigital.info\/wp-content\/uploads\/2025\/05\/1-2-150x150.jpg",150,150,true],"cvmm-medium":["https:\/\/elregionaldigital.info\/wp-content\/uploads\/2025\/05\/1-2-300x300.jpg",300,300,true],"cvmm-medium-plus":["https:\/\/elregionaldigital.info\/wp-content\/uploads\/2025\/05\/1-2-305x207.jpg",305,207,true],"cvmm-portrait":["https:\/\/elregionaldigital.info\/wp-content\/uploads\/2025\/05\/1-2-400x600.jpg",400,600,true],"cvmm-medium-square":["https:\/\/elregionaldigital.info\/wp-content\/uploads\/2025\/05\/1-2-600x600.jpg",600,600,true],"cvmm-large":["https:\/\/elregionaldigital.info\/wp-content\/uploads\/2025\/05\/1-2-1024x1024.jpg",1024,1024,true],"cvmm-small":["https:\/\/elregionaldigital.info\/wp-content\/uploads\/2025\/05\/1-2-130x95.jpg",130,95,true],"full":["https:\/\/elregionaldigital.info\/wp-content\/uploads\/2025\/05\/1-2-scaled.jpg",2560,1707,false]},"_links":{"self":[{"href":"https:\/\/elregionaldigital.info\/index.php?rest_route=\/wp\/v2\/posts\/4410","targetHints":{"allow":["GET"]}}],"collection":[{"href":"https:\/\/elregionaldigital.info\/index.php?rest_route=\/wp\/v2\/posts"}],"about":[{"href":"https:\/\/elregionaldigital.info\/index.php?rest_route=\/wp\/v2\/types\/post"}],"author":[{"embeddable":true,"href":"https:\/\/elregionaldigital.info\/index.php?rest_route=\/wp\/v2\/users\/1"}],"replies":[{"embeddable":true,"href":"https:\/\/elregionaldigital.info\/index.php?rest_route=%2Fwp%2Fv2%2Fcomments&post=4410"}],"version-history":[{"count":1,"href":"https:\/\/elregionaldigital.info\/index.php?rest_route=\/wp\/v2\/posts\/4410\/revisions"}],"predecessor-version":[{"id":4412,"href":"https:\/\/elregionaldigital.info\/index.php?rest_route=\/wp\/v2\/posts\/4410\/revisions\/4412"}],"wp:featuredmedia":[{"embeddable":true,"href":"https:\/\/elregionaldigital.info\/index.php?rest_route=\/wp\/v2\/media\/4411"}],"wp:attachment":[{"href":"https:\/\/elregionaldigital.info\/index.php?rest_route=%2Fwp%2Fv2%2Fmedia&parent=4410"}],"wp:term":[{"taxonomy":"category","embeddable":true,"href":"https:\/\/elregionaldigital.info\/index.php?rest_route=%2Fwp%2Fv2%2Fcategories&post=4410"},{"taxonomy":"post_tag","embeddable":true,"href":"https:\/\/elregionaldigital.info\/index.php?rest_route=%2Fwp%2Fv2%2Ftags&post=4410"}],"curies":[{"name":"wp","href":"https:\/\/api.w.org\/{rel}","templated":true}]}}