{"id":4407,"date":"2025-04-26T16:10:48","date_gmt":"2025-04-26T16:10:48","guid":{"rendered":"https:\/\/elregionaldigital.info\/?p=4407"},"modified":"2025-05-02T16:11:24","modified_gmt":"2025-05-02T16:11:24","slug":"dara-la-uat-cursos-gratuitos-de-ingles-a-ninos-y-adolescentes-de-bajos-recursos","status":"publish","type":"post","link":"https:\/\/elregionaldigital.info\/?p=4407","title":{"rendered":"Dar\u00e1 la UAT cursos gratuitos de ingl\u00e9s a ni\u00f1os y adolescentes de bajos recursos"},"content":{"rendered":"\n<p>La Universidad Aut\u00f3noma de Tamaulipas (UAT), bajo el liderazgo del rector D\u00e1maso Anaya<br>Alvarado, consolida su misi\u00f3n de impulsar la formaci\u00f3n integral con sentido humanista a trav\u00e9s del<br>Programa de Ingl\u00e9s para Ni\u00f1os, Ni\u00f1as y Adolescentes, una iniciativa de la Facultad de Derecho y<br>Ciencias Sociales Tampico (FADYCS), que busca democratizar el acceso al aprendizaje del idioma<br>ingl\u00e9s en comunidades con escasos recursos.<br>Dirigido a menores de 7 a 17 a\u00f1os, el programa ofrece cursos presenciales gratuitos, enfocados en<br>desarrollar habilidades comunicativas y abrir puertas a nuevas oportunidades acad\u00e9micas y<br>culturales.<br>En su edici\u00f3n 2025, el programa abrir\u00e1 dos modalidades: el Curso de Ingl\u00e9s JR, para ni\u00f1os de 7 y 8<br>a\u00f1os sin conocimientos previos; y el Curso de Ingl\u00e9s para Ni\u00f1os, Ni\u00f1as y Adolescentes, dirigido a<br>estudiantes de 9 a 17 a\u00f1os, ya sea para iniciarse en el idioma o fortalecer sus competencias<br>ling\u00fc\u00edsticas.<br>Ambos se impartir\u00e1n los s\u00e1bados, del 17 de mayo al 19 de julio, en horario matutino, con<br>inscripciones abiertas actualmente hasta el 9 de mayo.<br>Los requisitos de inscripci\u00f3n incluyen una copia del acta de nacimiento del menor, identificaci\u00f3n<br>oficial del tutor responsable y la solicitud de ingreso al programa. Para los estudiantes de 9 a 17<br>a\u00f1os, con conocimientos previos del idioma, se aplicar\u00e1 un examen de ubicaci\u00f3n.<br>Al finalizar el curso, todos los participantes recibir\u00e1n una constancia de acreditaci\u00f3n, mientras que<br>aquellos que completen los 10 niveles del programa podr\u00e1n certificar sus habilidades.<br>Este proyecto prioriza a menores de zonas como el sur de Tamaulipas, P\u00e1nuco y Ciudad<br>Cuauht\u00e9moc, en Veracruz, y \u00c9bano, en San Luis Potos\u00ed, comunidades donde el acceso a la<br>educaci\u00f3n en idiomas es escaso, fomentando no solo el aprendizaje del ingl\u00e9s, sino tambi\u00e9n la<br>proyecci\u00f3n de un futuro acad\u00e9mico en la UAT.<br>Para m\u00e1s informaci\u00f3n, contactarse al tel\u00e9fono 833 241 2000, extensi\u00f3n 3660, y en el sitio oficial de<br>Facebook de la Facultad de Derecho y Ciencias Sociales (FADYCS).<\/p>\n","protected":false},"excerpt":{"rendered":"<p>La Universidad Aut\u00f3noma de Tamaulipas (UAT), bajo el liderazgo del rector D\u00e1maso AnayaAlvarado, consolida su misi\u00f3n de impulsar la formaci\u00f3n integral con sentido humanista a trav\u00e9s delPrograma de Ingl\u00e9s para Ni\u00f1os, Ni\u00f1as y Adolescentes, una iniciativa de la Facultad de Derecho yCiencias Sociales Tampico (FADYCS), que busca democratizar el acceso al aprendizaje del idiomaingl\u00e9s en [&hellip;]<\/p>\n","protected":false},"author":1,"featured_media":4408,"comment_status":"open","ping_status":"open","sticky":false,"template":"","format":"standard","meta":{"footnotes":""},"categories":[4],"tags":[],"class_list":["post-4407","post","type-post","status-publish","format-standard","has-post-thumbnail","hentry","category-universidades"],"blog_post_layout_featured_media_urls":{"thumbnail":["https:\/\/elregionaldigital.info\/wp-content\/uploads\/2025\/05\/1-1-150x150.jpg",150,150,true],"full":["https:\/\/elregionaldigital.info\/wp-content\/uploads\/2025\/05\/1-1-scaled.jpg",2560,1707,false]},"categories_names":{"4":{"name":"Universidades","link":"https:\/\/elregionaldigital.info\/?cat=4"}},"tags_names":[],"comments_number":"0","wpmagazine_modules_lite_featured_media_urls":{"thumbnail":["https:\/\/elregionaldigital.info\/wp-content\/uploads\/2025\/05\/1-1-150x150.jpg",150,150,true],"cvmm-medium":["https:\/\/elregionaldigital.info\/wp-content\/uploads\/2025\/05\/1-1-300x300.jpg",300,300,true],"cvmm-medium-plus":["https:\/\/elregionaldigital.info\/wp-content\/uploads\/2025\/05\/1-1-305x207.jpg",305,207,true],"cvmm-portrait":["https:\/\/elregionaldigital.info\/wp-content\/uploads\/2025\/05\/1-1-400x600.jpg",400,600,true],"cvmm-medium-square":["https:\/\/elregionaldigital.info\/wp-content\/uploads\/2025\/05\/1-1-600x600.jpg",600,600,true],"cvmm-large":["https:\/\/elregionaldigital.info\/wp-content\/uploads\/2025\/05\/1-1-1024x1024.jpg",1024,1024,true],"cvmm-small":["https:\/\/elregionaldigital.info\/wp-content\/uploads\/2025\/05\/1-1-130x95.jpg",130,95,true],"full":["https:\/\/elregionaldigital.info\/wp-content\/uploads\/2025\/05\/1-1-scaled.jpg",2560,1707,false]},"_links":{"self":[{"href":"https:\/\/elregionaldigital.info\/index.php?rest_route=\/wp\/v2\/posts\/4407","targetHints":{"allow":["GET"]}}],"collection":[{"href":"https:\/\/elregionaldigital.info\/index.php?rest_route=\/wp\/v2\/posts"}],"about":[{"href":"https:\/\/elregionaldigital.info\/index.php?rest_route=\/wp\/v2\/types\/post"}],"author":[{"embeddable":true,"href":"https:\/\/elregionaldigital.info\/index.php?rest_route=\/wp\/v2\/users\/1"}],"replies":[{"embeddable":true,"href":"https:\/\/elregionaldigital.info\/index.php?rest_route=%2Fwp%2Fv2%2Fcomments&post=4407"}],"version-history":[{"count":1,"href":"https:\/\/elregionaldigital.info\/index.php?rest_route=\/wp\/v2\/posts\/4407\/revisions"}],"predecessor-version":[{"id":4409,"href":"https:\/\/elregionaldigital.info\/index.php?rest_route=\/wp\/v2\/posts\/4407\/revisions\/4409"}],"wp:featuredmedia":[{"embeddable":true,"href":"https:\/\/elregionaldigital.info\/index.php?rest_route=\/wp\/v2\/media\/4408"}],"wp:attachment":[{"href":"https:\/\/elregionaldigital.info\/index.php?rest_route=%2Fwp%2Fv2%2Fmedia&parent=4407"}],"wp:term":[{"taxonomy":"category","embeddable":true,"href":"https:\/\/elregionaldigital.info\/index.php?rest_route=%2Fwp%2Fv2%2Fcategories&post=4407"},{"taxonomy":"post_tag","embeddable":true,"href":"https:\/\/elregionaldigital.info\/index.php?rest_route=%2Fwp%2Fv2%2Ftags&post=4407"}],"curies":[{"name":"wp","href":"https:\/\/api.w.org\/{rel}","templated":true}]}}