{"id":4404,"date":"2025-04-30T15:55:21","date_gmt":"2025-04-30T15:55:21","guid":{"rendered":"https:\/\/elregionaldigital.info\/?p=4404"},"modified":"2025-05-02T15:55:53","modified_gmt":"2025-05-02T15:55:53","slug":"extiende-la-uat-plazo-para-el-registro-de-aspirantes-a-nuevo-ingreso","status":"publish","type":"post","link":"https:\/\/elregionaldigital.info\/?p=4404","title":{"rendered":"Extiende la UAT plazo para el registro de aspirantes a nuevo ingreso"},"content":{"rendered":"\n<p>La Universidad Aut\u00f3noma de Tamaulipas (UAT) dio a conocer a la comunidad estudiantil, y<br>aspirantes, que se ha ampliado el plazo de registro para el proceso de admisi\u00f3n 2025-3 hasta el<br>pr\u00f3ximo 20 de junio.<br>Este ajuste brinda mayores oportunidades a quienes buscan integrarse a alguno de los m\u00e1s de 80<br>programas acad\u00e9micos de licenciatura, ingenier\u00eda, bachillerato y t\u00e9cnico superior universitario<br>disponibles en las unidades acad\u00e9micas, facultades y escuelas de la UAT, ubicadas en las zonas<br>norte, centro y sur del estado, incluyendo las carreras de reciente creaci\u00f3n.<br>El registro y preinscripci\u00f3n para aspirantes de nuevo ingreso deber\u00e1 realizarse exclusivamente a<br>trav\u00e9s del portal oficial https:\/\/aspirantes.uat.edu.mx.<br>Como parte del proceso, adem\u00e1s de la fecha prevista del 20 de mayo para la aplicaci\u00f3n del<br>Examen de Admisi\u00f3n EXANI-II del CENEVAL, se ha programado una segunda fecha el 15 de julio de<br>2025 para aplicar esta evaluaci\u00f3n.<br>Se recomienda a los aspirantes mantenerse atentos a las actualizaciones en los canales<br>institucionales para informaci\u00f3n complementaria relacionada con resultados y pasos<br>subsecuentes.<br>Para facilitar una elecci\u00f3n informada, la Universidad invita a consultar su oferta educativa<br>disponible en el portal oficial www.uat.edu.mx donde se detallan caracter\u00edsticas de cada programa<br>acad\u00e9mico. Asimismo, los interesados podr\u00e1n contactar directamente a las facultades, unidades<br>acad\u00e9micas o escuelas preparatorias mediante el directorio institucional o a trav\u00e9s de las redes<br>sociales oficiales de la UAT.<\/p>\n","protected":false},"excerpt":{"rendered":"<p>La Universidad Aut\u00f3noma de Tamaulipas (UAT) dio a conocer a la comunidad estudiantil, yaspirantes, que se ha ampliado el plazo de registro para el proceso de admisi\u00f3n 2025-3 hasta elpr\u00f3ximo 20 de junio.Este ajuste brinda mayores oportunidades a quienes buscan integrarse a alguno de los m\u00e1s de 80programas acad\u00e9micos de licenciatura, ingenier\u00eda, bachillerato y t\u00e9cnico [&hellip;]<\/p>\n","protected":false},"author":1,"featured_media":4405,"comment_status":"open","ping_status":"open","sticky":false,"template":"","format":"standard","meta":{"footnotes":""},"categories":[4],"tags":[],"class_list":["post-4404","post","type-post","status-publish","format-standard","has-post-thumbnail","hentry","category-universidades"],"blog_post_layout_featured_media_urls":{"thumbnail":["https:\/\/elregionaldigital.info\/wp-content\/uploads\/2025\/05\/1-150x150.jpg",150,150,true],"full":["https:\/\/elregionaldigital.info\/wp-content\/uploads\/2025\/05\/1-scaled.jpg",2560,1707,false]},"categories_names":{"4":{"name":"Universidades","link":"https:\/\/elregionaldigital.info\/?cat=4"}},"tags_names":[],"comments_number":"0","wpmagazine_modules_lite_featured_media_urls":{"thumbnail":["https:\/\/elregionaldigital.info\/wp-content\/uploads\/2025\/05\/1-150x150.jpg",150,150,true],"cvmm-medium":["https:\/\/elregionaldigital.info\/wp-content\/uploads\/2025\/05\/1-300x300.jpg",300,300,true],"cvmm-medium-plus":["https:\/\/elregionaldigital.info\/wp-content\/uploads\/2025\/05\/1-305x207.jpg",305,207,true],"cvmm-portrait":["https:\/\/elregionaldigital.info\/wp-content\/uploads\/2025\/05\/1-400x600.jpg",400,600,true],"cvmm-medium-square":["https:\/\/elregionaldigital.info\/wp-content\/uploads\/2025\/05\/1-600x600.jpg",600,600,true],"cvmm-large":["https:\/\/elregionaldigital.info\/wp-content\/uploads\/2025\/05\/1-1024x1024.jpg",1024,1024,true],"cvmm-small":["https:\/\/elregionaldigital.info\/wp-content\/uploads\/2025\/05\/1-130x95.jpg",130,95,true],"full":["https:\/\/elregionaldigital.info\/wp-content\/uploads\/2025\/05\/1-scaled.jpg",2560,1707,false]},"_links":{"self":[{"href":"https:\/\/elregionaldigital.info\/index.php?rest_route=\/wp\/v2\/posts\/4404","targetHints":{"allow":["GET"]}}],"collection":[{"href":"https:\/\/elregionaldigital.info\/index.php?rest_route=\/wp\/v2\/posts"}],"about":[{"href":"https:\/\/elregionaldigital.info\/index.php?rest_route=\/wp\/v2\/types\/post"}],"author":[{"embeddable":true,"href":"https:\/\/elregionaldigital.info\/index.php?rest_route=\/wp\/v2\/users\/1"}],"replies":[{"embeddable":true,"href":"https:\/\/elregionaldigital.info\/index.php?rest_route=%2Fwp%2Fv2%2Fcomments&post=4404"}],"version-history":[{"count":1,"href":"https:\/\/elregionaldigital.info\/index.php?rest_route=\/wp\/v2\/posts\/4404\/revisions"}],"predecessor-version":[{"id":4406,"href":"https:\/\/elregionaldigital.info\/index.php?rest_route=\/wp\/v2\/posts\/4404\/revisions\/4406"}],"wp:featuredmedia":[{"embeddable":true,"href":"https:\/\/elregionaldigital.info\/index.php?rest_route=\/wp\/v2\/media\/4405"}],"wp:attachment":[{"href":"https:\/\/elregionaldigital.info\/index.php?rest_route=%2Fwp%2Fv2%2Fmedia&parent=4404"}],"wp:term":[{"taxonomy":"category","embeddable":true,"href":"https:\/\/elregionaldigital.info\/index.php?rest_route=%2Fwp%2Fv2%2Fcategories&post=4404"},{"taxonomy":"post_tag","embeddable":true,"href":"https:\/\/elregionaldigital.info\/index.php?rest_route=%2Fwp%2Fv2%2Ftags&post=4404"}],"curies":[{"name":"wp","href":"https:\/\/api.w.org\/{rel}","templated":true}]}}