{"id":4401,"date":"2025-04-28T15:41:05","date_gmt":"2025-04-28T15:41:05","guid":{"rendered":"https:\/\/elregionaldigital.info\/?p=4401"},"modified":"2025-05-02T15:41:40","modified_gmt":"2025-05-02T15:41:40","slug":"alegrando-corazones-la-uat-entrega-juguetes-a-la-ninez-tamaulipeca","status":"publish","type":"post","link":"https:\/\/elregionaldigital.info\/?p=4401","title":{"rendered":"Alegrando corazones, la UAT entrega juguetes a la ni\u00f1ez tamaulipeca"},"content":{"rendered":"\n<p>La Universidad Aut\u00f3noma de Tamaulipas, a trav\u00e9s de Familia UAT, llev\u00f3 a cabo la entrega<br>simb\u00f3lica de m\u00e1s de tres mil juguetes de la colecta universitaria \u201cAlegrando Corazones<br>2025\u201d, organizada en el marco conmemorativo por el D\u00eda del Ni\u00f1o y de la Ni\u00f1a.<br>En una ceremonia efectuada este 28 de abril, en la planta baja del edificio del Centro de<br>Gesti\u00f3n del Conocimiento del Campus Victoria, la presidenta honoraria de Familia UAT,<br>Lic. Isolda Rend\u00f3n de Anaya, presidi\u00f3 la entrega de juguetes a representantes de 29<br>escuelas, asociaciones civiles y comunidades rurales de Tamaulipas.<br>Atendiendo las iniciativas del rector D\u00e1maso Anaya Alvarado, en el sentido de unir<br>esfuerzos solidarios en beneficio de los sectores m\u00e1s necesitados, del 3 al 21 de marzo se<br>realiz\u00f3 la recolecci\u00f3n de los juguetes de esta campa\u00f1a, con la participaci\u00f3n de docentes,<br>estudiantes y personal administrativo de la UAT, as\u00ed como de la sociedad en general.<br>Las donaciones, las cuales consistieron en juguetes nuevos, no b\u00e9licos y que no requieren<br>bater\u00edas, fueron recibidas en los centros de acopio ubicados en escuelas, facultades y<br>unidades acad\u00e9micas de la instituci\u00f3n.<br>Al respecto, la Lic. Isolda Rend\u00f3n reiter\u00f3 el papel de la UAT como agente de cambio<br>comprometido con el bienestar de la ni\u00f1ez, y resalt\u00f3 que cada juguete donado no solo es un<br>acto de generosidad, sino una contribuci\u00f3n concreta para que ni\u00f1as y ni\u00f1os en comunidades<br>vulnerables accedan a herramientas que estimulen su creatividad y desarrollo.<br>Asimismo, agradeci\u00f3 a la comunidad universitaria y a la sociedad por sumarse a esta<br>iniciativa que, m\u00e1s all\u00e1 de entregar alegr\u00eda, fortalece los valores de equidad y derechos de la<br>ni\u00f1ez.<br>Entre las 29 instituciones y localidades beneficiadas destacan escuelas primarias como<br>Gabriela Mistral, Miguel Hidalgo, Leyes de Reforma y Plutarco El\u00edas Calles; jardines de<br>ni\u00f1os como Amado Nervo, Estrella y Mar\u00eda Vel\u00e1zquez Farf\u00e1n; colonias como Vista<br>Hermosa, Vergel de la Sierra, Azteca y M\u00e9xico; as\u00ed como asociaciones civiles y<br>comunidades rurales de los municipios de Jaumave, Hidalgo y Padilla.<br>Durante el acto protocolario, las y los representantes de las instituciones y zonas<br>beneficiadas reconocieron a la UAT por su compromiso social, destacando el car\u00e1cter<br>humanista de la universidad. Resaltaron que estas acciones no solo fortalecen la educaci\u00f3n<br>y el bienestar infantil, sino que tambi\u00e9n construyen una alianza entre la universidad y la<br>poblaci\u00f3n m\u00e1s vulnerable del estado.<br>Los m\u00e1s de 3 mil juguetes ser\u00e1n distribuidos por los representantes de las instituciones y<br>comunidades, beneficiando a miles de ni\u00f1as y ni\u00f1os en situaci\u00f3n de vulnerabilidad. Con<br>esta acci\u00f3n, la Universidad Aut\u00f3noma de Tamaulipas reafirma su compromiso institucional<br>con la equidad, la educaci\u00f3n integral y el desarrollo humano de las familias de la entidad,<br>aline\u00e1ndose con su misi\u00f3n de ser un referente en la transformaci\u00f3n social y el bienestar<br>colectivo.<\/p>\n","protected":false},"excerpt":{"rendered":"<p>La Universidad Aut\u00f3noma de Tamaulipas, a trav\u00e9s de Familia UAT, llev\u00f3 a cabo la entregasimb\u00f3lica de m\u00e1s de tres mil juguetes de la colecta universitaria \u201cAlegrando Corazones2025\u201d, organizada en el marco conmemorativo por el D\u00eda del Ni\u00f1o y de la Ni\u00f1a.En una ceremonia efectuada este 28 de abril, en la planta baja del edificio del [&hellip;]<\/p>\n","protected":false},"author":1,"featured_media":4402,"comment_status":"open","ping_status":"open","sticky":false,"template":"","format":"standard","meta":{"footnotes":""},"categories":[4],"tags":[],"class_list":["post-4401","post","type-post","status-publish","format-standard","has-post-thumbnail","hentry","category-universidades"],"blog_post_layout_featured_media_urls":{"thumbnail":["https:\/\/elregionaldigital.info\/wp-content\/uploads\/2025\/05\/4-150x150.jpg",150,150,true],"full":["https:\/\/elregionaldigital.info\/wp-content\/uploads\/2025\/05\/4-scaled.jpg",2560,1707,false]},"categories_names":{"4":{"name":"Universidades","link":"https:\/\/elregionaldigital.info\/?cat=4"}},"tags_names":[],"comments_number":"0","wpmagazine_modules_lite_featured_media_urls":{"thumbnail":["https:\/\/elregionaldigital.info\/wp-content\/uploads\/2025\/05\/4-150x150.jpg",150,150,true],"cvmm-medium":["https:\/\/elregionaldigital.info\/wp-content\/uploads\/2025\/05\/4-300x300.jpg",300,300,true],"cvmm-medium-plus":["https:\/\/elregionaldigital.info\/wp-content\/uploads\/2025\/05\/4-305x207.jpg",305,207,true],"cvmm-portrait":["https:\/\/elregionaldigital.info\/wp-content\/uploads\/2025\/05\/4-400x600.jpg",400,600,true],"cvmm-medium-square":["https:\/\/elregionaldigital.info\/wp-content\/uploads\/2025\/05\/4-600x600.jpg",600,600,true],"cvmm-large":["https:\/\/elregionaldigital.info\/wp-content\/uploads\/2025\/05\/4-1024x1024.jpg",1024,1024,true],"cvmm-small":["https:\/\/elregionaldigital.info\/wp-content\/uploads\/2025\/05\/4-130x95.jpg",130,95,true],"full":["https:\/\/elregionaldigital.info\/wp-content\/uploads\/2025\/05\/4-scaled.jpg",2560,1707,false]},"_links":{"self":[{"href":"https:\/\/elregionaldigital.info\/index.php?rest_route=\/wp\/v2\/posts\/4401","targetHints":{"allow":["GET"]}}],"collection":[{"href":"https:\/\/elregionaldigital.info\/index.php?rest_route=\/wp\/v2\/posts"}],"about":[{"href":"https:\/\/elregionaldigital.info\/index.php?rest_route=\/wp\/v2\/types\/post"}],"author":[{"embeddable":true,"href":"https:\/\/elregionaldigital.info\/index.php?rest_route=\/wp\/v2\/users\/1"}],"replies":[{"embeddable":true,"href":"https:\/\/elregionaldigital.info\/index.php?rest_route=%2Fwp%2Fv2%2Fcomments&post=4401"}],"version-history":[{"count":1,"href":"https:\/\/elregionaldigital.info\/index.php?rest_route=\/wp\/v2\/posts\/4401\/revisions"}],"predecessor-version":[{"id":4403,"href":"https:\/\/elregionaldigital.info\/index.php?rest_route=\/wp\/v2\/posts\/4401\/revisions\/4403"}],"wp:featuredmedia":[{"embeddable":true,"href":"https:\/\/elregionaldigital.info\/index.php?rest_route=\/wp\/v2\/media\/4402"}],"wp:attachment":[{"href":"https:\/\/elregionaldigital.info\/index.php?rest_route=%2Fwp%2Fv2%2Fmedia&parent=4401"}],"wp:term":[{"taxonomy":"category","embeddable":true,"href":"https:\/\/elregionaldigital.info\/index.php?rest_route=%2Fwp%2Fv2%2Fcategories&post=4401"},{"taxonomy":"post_tag","embeddable":true,"href":"https:\/\/elregionaldigital.info\/index.php?rest_route=%2Fwp%2Fv2%2Ftags&post=4401"}],"curies":[{"name":"wp","href":"https:\/\/api.w.org\/{rel}","templated":true}]}}