{"id":4358,"date":"2025-04-07T16:06:38","date_gmt":"2025-04-07T16:06:38","guid":{"rendered":"https:\/\/elregionaldigital.info\/?p=4358"},"modified":"2025-04-07T16:06:39","modified_gmt":"2025-04-07T16:06:39","slug":"primer-informe-de-el-rector-damaso-anaya-alvarado","status":"publish","type":"post","link":"https:\/\/elregionaldigital.info\/?p=4358","title":{"rendered":"Primer informe de el Rector Damaso Anaya Alvarado."},"content":{"rendered":"\n<p>Hoy lunes estamos listos para seguir en transmisi\u00f3n en vivo el Primer Informe del Rector de la Universidad Aut\u00f3noma de Tamaulipas  D\u00e1maso Anaya Alvarado , donde conocer\u00e1s los logros, avances y acciones que est\u00e1n\u00a0transformando nuestra universidad en punto de las 12:00 p.m. no te lo pierdas !<\/p>\n\n\n\n<p>Transmisi\u00f3n en vivo:&nbsp;<a href=\"https:\/\/www.facebook.com\/events\/697137149422274\/?__cft__[0]=AZXetTc4mrd-3HdpJ_qnHoJtfFbzxPLWM3shIw-djgC03MXfISnD8s4xkPk9TopbWZ4z5lH07BKxcvjmd80XS57Lo3eReqXhaPEgRlNtqOJE-HLkpi2PqGnKVQDIzq9YV7NRTKA7UquSgrHX0xWvgyXf&amp;__tn__=-UK-R\">https:\/\/www.facebook.com\/share\/18pyojqXyF\/?mibextid=wwXIfr<\/a><\/p>\n\n\n\n<p class=\"has-text-align-center\">\u00a1El futuro de la UAT se construye hoy, contigo!<\/p>\n\n\n\n<p class=\"has-text-align-center\"><a href=\"https:\/\/www.facebook.com\/hashtag\/informeuat2025?__eep__=6&amp;__cft__[0]=AZXetTc4mrd-3HdpJ_qnHoJtfFbzxPLWM3shIw-djgC03MXfISnD8s4xkPk9TopbWZ4z5lH07BKxcvjmd80XS57Lo3eReqXhaPEgRlNtqOJE-HLkpi2PqGnKVQDIzq9YV7NRTKA7UquSgrHX0xWvgyXf&amp;__tn__=*NK-R\">#InformeUAT2025<\/a><a href=\"https:\/\/www.facebook.com\/hashtag\/inspiraytransforma?__eep__=6&amp;__cft__[0]=AZXetTc4mrd-3HdpJ_qnHoJtfFbzxPLWM3shIw-djgC03MXfISnD8s4xkPk9TopbWZ4z5lH07BKxcvjmd80XS57Lo3eReqXhaPEgRlNtqOJE-HLkpi2PqGnKVQDIzq9YV7NRTKA7UquSgrHX0xWvgyXf&amp;__tn__=*NK-R\">#InspiraYTransforma<\/a><\/p>\n","protected":false},"excerpt":{"rendered":"<p>Hoy lunes estamos listos para seguir en transmisi\u00f3n en vivo el Primer Informe del Rector de la Universidad Aut\u00f3noma de Tamaulipas D\u00e1maso Anaya Alvarado , donde conocer\u00e1s los logros, avances y acciones que est\u00e1n\u00a0transformando nuestra universidad en punto de las 12:00 p.m. no te lo pierdas ! Transmisi\u00f3n en vivo:&nbsp;https:\/\/www.facebook.com\/share\/18pyojqXyF\/?mibextid=wwXIfr \u00a1El futuro de la UAT [&hellip;]<\/p>\n","protected":false},"author":1,"featured_media":4359,"comment_status":"open","ping_status":"open","sticky":false,"template":"","format":"standard","meta":{"footnotes":""},"categories":[4],"tags":[],"class_list":["post-4358","post","type-post","status-publish","format-standard","has-post-thumbnail","hentry","category-universidades"],"blog_post_layout_featured_media_urls":{"thumbnail":["https:\/\/elregionaldigital.info\/wp-content\/uploads\/2025\/04\/488911939_712772811080767_3159697063888851044_n-150x150.jpg",150,150,true],"full":["https:\/\/elregionaldigital.info\/wp-content\/uploads\/2025\/04\/488911939_712772811080767_3159697063888851044_n.jpg",526,526,false]},"categories_names":{"4":{"name":"Universidades","link":"https:\/\/elregionaldigital.info\/?cat=4"}},"tags_names":[],"comments_number":"0","wpmagazine_modules_lite_featured_media_urls":{"thumbnail":["https:\/\/elregionaldigital.info\/wp-content\/uploads\/2025\/04\/488911939_712772811080767_3159697063888851044_n-150x150.jpg",150,150,true],"cvmm-medium":["https:\/\/elregionaldigital.info\/wp-content\/uploads\/2025\/04\/488911939_712772811080767_3159697063888851044_n-300x300.jpg",300,300,true],"cvmm-medium-plus":["https:\/\/elregionaldigital.info\/wp-content\/uploads\/2025\/04\/488911939_712772811080767_3159697063888851044_n-305x207.jpg",305,207,true],"cvmm-portrait":["https:\/\/elregionaldigital.info\/wp-content\/uploads\/2025\/04\/488911939_712772811080767_3159697063888851044_n-400x526.jpg",400,526,true],"cvmm-medium-square":["https:\/\/elregionaldigital.info\/wp-content\/uploads\/2025\/04\/488911939_712772811080767_3159697063888851044_n.jpg",526,526,false],"cvmm-large":["https:\/\/elregionaldigital.info\/wp-content\/uploads\/2025\/04\/488911939_712772811080767_3159697063888851044_n.jpg",526,526,false],"cvmm-small":["https:\/\/elregionaldigital.info\/wp-content\/uploads\/2025\/04\/488911939_712772811080767_3159697063888851044_n-130x95.jpg",130,95,true],"full":["https:\/\/elregionaldigital.info\/wp-content\/uploads\/2025\/04\/488911939_712772811080767_3159697063888851044_n.jpg",526,526,false]},"_links":{"self":[{"href":"https:\/\/elregionaldigital.info\/index.php?rest_route=\/wp\/v2\/posts\/4358","targetHints":{"allow":["GET"]}}],"collection":[{"href":"https:\/\/elregionaldigital.info\/index.php?rest_route=\/wp\/v2\/posts"}],"about":[{"href":"https:\/\/elregionaldigital.info\/index.php?rest_route=\/wp\/v2\/types\/post"}],"author":[{"embeddable":true,"href":"https:\/\/elregionaldigital.info\/index.php?rest_route=\/wp\/v2\/users\/1"}],"replies":[{"embeddable":true,"href":"https:\/\/elregionaldigital.info\/index.php?rest_route=%2Fwp%2Fv2%2Fcomments&post=4358"}],"version-history":[{"count":1,"href":"https:\/\/elregionaldigital.info\/index.php?rest_route=\/wp\/v2\/posts\/4358\/revisions"}],"predecessor-version":[{"id":4360,"href":"https:\/\/elregionaldigital.info\/index.php?rest_route=\/wp\/v2\/posts\/4358\/revisions\/4360"}],"wp:featuredmedia":[{"embeddable":true,"href":"https:\/\/elregionaldigital.info\/index.php?rest_route=\/wp\/v2\/media\/4359"}],"wp:attachment":[{"href":"https:\/\/elregionaldigital.info\/index.php?rest_route=%2Fwp%2Fv2%2Fmedia&parent=4358"}],"wp:term":[{"taxonomy":"category","embeddable":true,"href":"https:\/\/elregionaldigital.info\/index.php?rest_route=%2Fwp%2Fv2%2Fcategories&post=4358"},{"taxonomy":"post_tag","embeddable":true,"href":"https:\/\/elregionaldigital.info\/index.php?rest_route=%2Fwp%2Fv2%2Ftags&post=4358"}],"curies":[{"name":"wp","href":"https:\/\/api.w.org\/{rel}","templated":true}]}}