{"id":4355,"date":"2025-04-06T18:46:43","date_gmt":"2025-04-06T18:46:43","guid":{"rendered":"https:\/\/elregionaldigital.info\/?p=4355"},"modified":"2025-04-07T00:47:01","modified_gmt":"2025-04-07T00:47:01","slug":"aprueba-la-asamblea-universitaria-la-creacion-de-la-fundacion-uat","status":"publish","type":"post","link":"https:\/\/elregionaldigital.info\/?p=4355","title":{"rendered":"Aprueba la Asamblea Universitaria la creaci\u00f3n de la Fundaci\u00f3n UAT"},"content":{"rendered":"\n<p>La Asamblea de la Universidad Aut\u00f3noma de Tamaulipas aprob\u00f3 la creaci\u00f3n de la Fundaci\u00f3n UAT,<br>cuyo prop\u00f3sito principal ser\u00e1 la promoci\u00f3n, apoyo e impulso de las actividades sustantivas de la<br>m\u00e1xima casa de estudios del estado.<br>Al presidir la sesi\u00f3n de asamble\u00edstas en el Campus Victoria, celebrada en la modalidad a distancia,<br>el rector D\u00e1maso Anaya Alvarado destac\u00f3 que la Fundaci\u00f3n UAT contribuir\u00e1 en fortalecer los<br>programas y servicios educativos que se ofrecen a la sociedad tamaulipeca.<br>De igual manera, subray\u00f3 que abrir\u00e1 opciones para la promoci\u00f3n de actividades de investigaci\u00f3n<br>cient\u00edfica para formar profesionistas, investigadores, profesores universitarios y t\u00e9cnicos \u00fatiles a la<br>sociedad.<br>Tambi\u00e9n permitir\u00e1 llevar a cabo actividades en beneficio de la sociedad en general, en \u00e1mbitos<br>como la equidad de g\u00e9nero, la participaci\u00f3n c\u00edvica y la ecolog\u00eda, adem\u00e1s de difundir ampliamente<br>los beneficios de la cultura y en fortalecer la imagen institucional.<br>Durante la sesi\u00f3n, el rector puso en relieve la importancia de los acuerdos que se toman en este<br>\u00f3rgano colegiado, lo que permite estar a la vanguardia en reglamentos y normativas para<br>responder a las necesidades de la educaci\u00f3n superior.<br>En este marco, la Asamblea Universitaria aprob\u00f3 modificaciones al reglamento de personal<br>acad\u00e9mico y la propuesta de nombrar presidenta honoraria de Familia UAT a la Lic. Isolda Rend\u00f3n<br>Monterrey, con lo cual la Universidad reforzar\u00e1 las acciones sociales que realiza a favor de la<br>comunidad en general.<br>Entre otros puntos, se aval\u00f3 la solicitud de la Facultad de M\u00fasica y Artes \u201cMtro. Manuel Barroso<br>Ram\u00edrez\u201d para ofrecer a sus egresados opciones adicionales de titulaci\u00f3n.<\/p>\n","protected":false},"excerpt":{"rendered":"<p>La Asamblea de la Universidad Aut\u00f3noma de Tamaulipas aprob\u00f3 la creaci\u00f3n de la Fundaci\u00f3n UAT,cuyo prop\u00f3sito principal ser\u00e1 la promoci\u00f3n, apoyo e impulso de las actividades sustantivas de lam\u00e1xima casa de estudios del estado.Al presidir la sesi\u00f3n de asamble\u00edstas en el Campus Victoria, celebrada en la modalidad a distancia,el rector D\u00e1maso Anaya Alvarado destac\u00f3 que [&hellip;]<\/p>\n","protected":false},"author":1,"featured_media":4356,"comment_status":"open","ping_status":"open","sticky":false,"template":"","format":"standard","meta":{"footnotes":""},"categories":[4],"tags":[],"class_list":["post-4355","post","type-post","status-publish","format-standard","has-post-thumbnail","hentry","category-universidades"],"blog_post_layout_featured_media_urls":{"thumbnail":["https:\/\/elregionaldigital.info\/wp-content\/uploads\/2025\/04\/1-150x150.jpg",150,150,true],"full":["https:\/\/elregionaldigital.info\/wp-content\/uploads\/2025\/04\/1-scaled.jpg",2560,1707,false]},"categories_names":{"4":{"name":"Universidades","link":"https:\/\/elregionaldigital.info\/?cat=4"}},"tags_names":[],"comments_number":"0","wpmagazine_modules_lite_featured_media_urls":{"thumbnail":["https:\/\/elregionaldigital.info\/wp-content\/uploads\/2025\/04\/1-150x150.jpg",150,150,true],"cvmm-medium":["https:\/\/elregionaldigital.info\/wp-content\/uploads\/2025\/04\/1-300x300.jpg",300,300,true],"cvmm-medium-plus":["https:\/\/elregionaldigital.info\/wp-content\/uploads\/2025\/04\/1-305x207.jpg",305,207,true],"cvmm-portrait":["https:\/\/elregionaldigital.info\/wp-content\/uploads\/2025\/04\/1-400x600.jpg",400,600,true],"cvmm-medium-square":["https:\/\/elregionaldigital.info\/wp-content\/uploads\/2025\/04\/1-600x600.jpg",600,600,true],"cvmm-large":["https:\/\/elregionaldigital.info\/wp-content\/uploads\/2025\/04\/1-1024x1024.jpg",1024,1024,true],"cvmm-small":["https:\/\/elregionaldigital.info\/wp-content\/uploads\/2025\/04\/1-130x95.jpg",130,95,true],"full":["https:\/\/elregionaldigital.info\/wp-content\/uploads\/2025\/04\/1-scaled.jpg",2560,1707,false]},"_links":{"self":[{"href":"https:\/\/elregionaldigital.info\/index.php?rest_route=\/wp\/v2\/posts\/4355","targetHints":{"allow":["GET"]}}],"collection":[{"href":"https:\/\/elregionaldigital.info\/index.php?rest_route=\/wp\/v2\/posts"}],"about":[{"href":"https:\/\/elregionaldigital.info\/index.php?rest_route=\/wp\/v2\/types\/post"}],"author":[{"embeddable":true,"href":"https:\/\/elregionaldigital.info\/index.php?rest_route=\/wp\/v2\/users\/1"}],"replies":[{"embeddable":true,"href":"https:\/\/elregionaldigital.info\/index.php?rest_route=%2Fwp%2Fv2%2Fcomments&post=4355"}],"version-history":[{"count":1,"href":"https:\/\/elregionaldigital.info\/index.php?rest_route=\/wp\/v2\/posts\/4355\/revisions"}],"predecessor-version":[{"id":4357,"href":"https:\/\/elregionaldigital.info\/index.php?rest_route=\/wp\/v2\/posts\/4355\/revisions\/4357"}],"wp:featuredmedia":[{"embeddable":true,"href":"https:\/\/elregionaldigital.info\/index.php?rest_route=\/wp\/v2\/media\/4356"}],"wp:attachment":[{"href":"https:\/\/elregionaldigital.info\/index.php?rest_route=%2Fwp%2Fv2%2Fmedia&parent=4355"}],"wp:term":[{"taxonomy":"category","embeddable":true,"href":"https:\/\/elregionaldigital.info\/index.php?rest_route=%2Fwp%2Fv2%2Fcategories&post=4355"},{"taxonomy":"post_tag","embeddable":true,"href":"https:\/\/elregionaldigital.info\/index.php?rest_route=%2Fwp%2Fv2%2Ftags&post=4355"}],"curies":[{"name":"wp","href":"https:\/\/api.w.org\/{rel}","templated":true}]}}