{"id":4336,"date":"2025-04-01T14:21:29","date_gmt":"2025-04-01T14:21:29","guid":{"rendered":"https:\/\/elregionaldigital.info\/?p=4336"},"modified":"2025-04-02T14:21:58","modified_gmt":"2025-04-02T14:21:58","slug":"envia-la-uat-viveres-en-apoyo-a-damnificados-de-reynosa","status":"publish","type":"post","link":"https:\/\/elregionaldigital.info\/?p=4336","title":{"rendered":"Env\u00eda la UAT v\u00edveres en apoyo a damnificados de Reynosa"},"content":{"rendered":"\n<p>El rector de la Universidad Aut\u00f3noma de Tamaulipas (UAT), D\u00e1maso Anaya Alvarado,<br>encabez\u00f3 este martes 1 de abril la salida de v\u00edveres recaudados en la colecta \u201cJuntos por<br>Reynosa\u201d, organizada para brindar apoyo a las familias afectadas por las recientes lluvias e<br>inundaciones en el norte del estado.<br>Durante el evento, el rector, acompa\u00f1ado por su esposa, Isolda Rend\u00f3n de Anaya,<br>presidenta de Familia UAT, y Alma Hern\u00e1ndez Ilizaliturri, secretaria de Gesti\u00f3n Escolar de<br>la UAT, destac\u00f3 la pronta respuesta de la comunidad universitaria ante esta emergencia, la<br>cual refleja los principios fundamentales de la instituci\u00f3n, particularmente su visi\u00f3n<br>humanista y su firme compromiso con el bienestar social.<br>Anaya Alvarado subray\u00f3 que, m\u00e1s all\u00e1 de su labor acad\u00e9mica, la UAT ha demostrado que<br>sus valores de solidaridad y vocaci\u00f3n de servicio se traducen en acciones concretas,<br>especialmente en momentos de crisis como los que atraviesa Reynosa.<br>La colecta, iniciada el viernes 28 de marzo, moviliz\u00f3 a estudiantes, acad\u00e9micos y personal<br>administrativo, quienes trabajaron incansablemente durante el fin de semana para reunir<br>v\u00edveres, habilitando tambi\u00e9n un centro de acopio en las oficinas centrales de la zona sur, en<br>el cual se recibi\u00f3 la respuesta positiva de toda la comunidad universitaria.<br>En total, se recolectaron m\u00e1s de 4,415 art\u00edculos en Ciudad Victoria, entre ellos despensas<br>alimentarias, productos de higiene y agua, los cuales fueron transportados a Reynosa.<br>Por su parte, la UAT en Tampico activ\u00f3 su red de apoyo, recolectando m\u00e1s de 1,000<br>despensas. Los art\u00edculos recolectados incluyen agua, alimentos no perecederos como<br>frijoles, arroz, aceite, at\u00fan, pastas, conservas; as\u00ed como productos de higiene y limpieza<br>como papel sanitario, pa\u00f1ales, jabones, cloro y toallas sanitarias.<br>Los donativos ser\u00e1n entregados principalmente a las familias de la comunidad universitaria<br>de Reynosa, quienes han sufrido los da\u00f1os causados por las inundaciones, as\u00ed como a otras<br>personas de la ciudad en apoyo a sus necesidades. Los art\u00edculos recolectados ser\u00e1n<br>recibidos en el centro de acopio de Reynosa, ubicado en el gimnasio Multidisciplinario.<\/p>\n","protected":false},"excerpt":{"rendered":"<p>El rector de la Universidad Aut\u00f3noma de Tamaulipas (UAT), D\u00e1maso Anaya Alvarado,encabez\u00f3 este martes 1 de abril la salida de v\u00edveres recaudados en la colecta \u201cJuntos porReynosa\u201d, organizada para brindar apoyo a las familias afectadas por las recientes lluvias einundaciones en el norte del estado.Durante el evento, el rector, acompa\u00f1ado por su esposa, Isolda Rend\u00f3n [&hellip;]<\/p>\n","protected":false},"author":1,"featured_media":4337,"comment_status":"open","ping_status":"open","sticky":false,"template":"","format":"standard","meta":{"footnotes":""},"categories":[4],"tags":[],"class_list":["post-4336","post","type-post","status-publish","format-standard","has-post-thumbnail","hentry","category-universidades"],"blog_post_layout_featured_media_urls":{"thumbnail":["https:\/\/elregionaldigital.info\/wp-content\/uploads\/2025\/04\/7-150x150.jpeg",150,150,true],"full":["https:\/\/elregionaldigital.info\/wp-content\/uploads\/2025\/04\/7.jpeg",2560,1706,false]},"categories_names":{"4":{"name":"Universidades","link":"https:\/\/elregionaldigital.info\/?cat=4"}},"tags_names":[],"comments_number":"0","wpmagazine_modules_lite_featured_media_urls":{"thumbnail":["https:\/\/elregionaldigital.info\/wp-content\/uploads\/2025\/04\/7-150x150.jpeg",150,150,true],"cvmm-medium":["https:\/\/elregionaldigital.info\/wp-content\/uploads\/2025\/04\/7-300x300.jpeg",300,300,true],"cvmm-medium-plus":["https:\/\/elregionaldigital.info\/wp-content\/uploads\/2025\/04\/7-305x207.jpeg",305,207,true],"cvmm-portrait":["https:\/\/elregionaldigital.info\/wp-content\/uploads\/2025\/04\/7-400x600.jpeg",400,600,true],"cvmm-medium-square":["https:\/\/elregionaldigital.info\/wp-content\/uploads\/2025\/04\/7-600x600.jpeg",600,600,true],"cvmm-large":["https:\/\/elregionaldigital.info\/wp-content\/uploads\/2025\/04\/7-1024x1024.jpeg",1024,1024,true],"cvmm-small":["https:\/\/elregionaldigital.info\/wp-content\/uploads\/2025\/04\/7-130x95.jpeg",130,95,true],"full":["https:\/\/elregionaldigital.info\/wp-content\/uploads\/2025\/04\/7.jpeg",2560,1706,false]},"_links":{"self":[{"href":"https:\/\/elregionaldigital.info\/index.php?rest_route=\/wp\/v2\/posts\/4336","targetHints":{"allow":["GET"]}}],"collection":[{"href":"https:\/\/elregionaldigital.info\/index.php?rest_route=\/wp\/v2\/posts"}],"about":[{"href":"https:\/\/elregionaldigital.info\/index.php?rest_route=\/wp\/v2\/types\/post"}],"author":[{"embeddable":true,"href":"https:\/\/elregionaldigital.info\/index.php?rest_route=\/wp\/v2\/users\/1"}],"replies":[{"embeddable":true,"href":"https:\/\/elregionaldigital.info\/index.php?rest_route=%2Fwp%2Fv2%2Fcomments&post=4336"}],"version-history":[{"count":1,"href":"https:\/\/elregionaldigital.info\/index.php?rest_route=\/wp\/v2\/posts\/4336\/revisions"}],"predecessor-version":[{"id":4338,"href":"https:\/\/elregionaldigital.info\/index.php?rest_route=\/wp\/v2\/posts\/4336\/revisions\/4338"}],"wp:featuredmedia":[{"embeddable":true,"href":"https:\/\/elregionaldigital.info\/index.php?rest_route=\/wp\/v2\/media\/4337"}],"wp:attachment":[{"href":"https:\/\/elregionaldigital.info\/index.php?rest_route=%2Fwp%2Fv2%2Fmedia&parent=4336"}],"wp:term":[{"taxonomy":"category","embeddable":true,"href":"https:\/\/elregionaldigital.info\/index.php?rest_route=%2Fwp%2Fv2%2Fcategories&post=4336"},{"taxonomy":"post_tag","embeddable":true,"href":"https:\/\/elregionaldigital.info\/index.php?rest_route=%2Fwp%2Fv2%2Ftags&post=4336"}],"curies":[{"name":"wp","href":"https:\/\/api.w.org\/{rel}","templated":true}]}}