{"id":4327,"date":"2025-03-31T19:10:41","date_gmt":"2025-03-31T19:10:41","guid":{"rendered":"https:\/\/elregionaldigital.info\/?p=4327"},"modified":"2025-04-01T19:11:10","modified_gmt":"2025-04-01T19:11:10","slug":"recomienda-sep-contar-con-una-alimentacion-saludable-habitos-sanos-y-activacion-fisica","status":"publish","type":"post","link":"https:\/\/elregionaldigital.info\/?p=4327","title":{"rendered":"Recomienda SEP contar con una alimentaci\u00f3n saludable, h\u00e1bitos sanos y activaci\u00f3n f\u00edsica"},"content":{"rendered":"\n<p><a href=\"https:\/\/laverdad.com.mx\/wp-content\/uploads\/2025\/03\/31sep.webp\"><\/a><\/p>\n\n\n\n<p>Tras destacar la entrada en operaci\u00f3n en las 262 mil 547 escuelas del pa\u00eds, de los lineamientos para el fomento de alimentos saludables, el secretario de Educaci\u00f3n, Mario Delgado, consider\u00f3 que las comunidades educativas deben tomar conciencia de que lo mejor para los estudiantes es contar con una alimentaci\u00f3n saludable, h\u00e1bitos sanos y activaci\u00f3n f\u00edsica cotidiana, como lo establece la Nueva Escuela Mexicana (NEM).<\/p>\n\n\n\n<p>La SEP, inform\u00f3 que los expendedores de alimentos en los planteles escolares recibir\u00e1n capacitaci\u00f3n por parte de la Secretar\u00eda de Salud hasta el pr\u00f3ximo 4 de abril.<\/p>\n\n\n\n<p>En este contexto, Delgado Carrillo dijo que el cumplimiento de estas directrices es responsabilidad de toda la comunidad educativa y en caso de omisi\u00f3n, deber\u00e1 notificarse a las autoridades sanitarias correspondientes.<\/p>\n\n\n\n<p>Explic\u00f3 que corresponder\u00e1 a directores e inspectores de zona vigilar y reportar el cumplimiento de estas disposiciones en favor de la salud de los estudiantes.<\/p>\n\n\n\n<p>Ante ello, tambi\u00e9n convoc\u00f3 a autoridades educativas, personal de supervisi\u00f3n y docentes a informar y concientizar a quienes venden alimentos en las escuelas sobre estas medidas.<\/p>\n\n\n\n<p>El funcionario destac\u00f3 que las comunidades escolares, en especial quienes preparan o venden alimentos en los planteles, pueden acceder al manual publicado en vidasaludable.gob.mx, donde encontrar\u00e1n orientaciones claras sobre los productos permitidos y opciones de alimentos saludables.<\/p>\n\n\n\n<p>\u201cEn la p\u00e1gina hay un repositorio de recetas saludables, recomendaciones para madres y padres de familia, videos para docentes y rutinas de activaci\u00f3n f\u00edsica, entre otros materiales\u201d, expuso.<\/p>\n\n\n\n<p>Delgado reiter\u00f3 que los lineamientos no se deben percibir como una prohibici\u00f3n, sino como una pr\u00e1ctica congruente entre lo que se ense\u00f1a en clase, lo que aparece en los libros de texto y lo que los ni\u00f1os pueden consumir en la escuela<\/p>\n","protected":false},"excerpt":{"rendered":"<p>Tras destacar la entrada en operaci\u00f3n en las 262 mil 547 escuelas del pa\u00eds, de los lineamientos para el fomento de alimentos saludables, el secretario de Educaci\u00f3n, Mario Delgado, consider\u00f3 que las comunidades educativas deben tomar conciencia de que lo mejor para los estudiantes es contar con una alimentaci\u00f3n saludable, h\u00e1bitos sanos y activaci\u00f3n f\u00edsica [&hellip;]<\/p>\n","protected":false},"author":1,"featured_media":4328,"comment_status":"open","ping_status":"open","sticky":false,"template":"","format":"standard","meta":{"footnotes":""},"categories":[5],"tags":[],"class_list":["post-4327","post","type-post","status-publish","format-standard","has-post-thumbnail","hentry","category-nacional"],"blog_post_layout_featured_media_urls":{"thumbnail":["https:\/\/elregionaldigital.info\/wp-content\/uploads\/2025\/04\/31sep-750x563-1-150x150.webp",150,150,true],"full":["https:\/\/elregionaldigital.info\/wp-content\/uploads\/2025\/04\/31sep-750x563-1.webp",750,563,false]},"categories_names":{"5":{"name":"Nacional","link":"https:\/\/elregionaldigital.info\/?cat=5"}},"tags_names":[],"comments_number":"0","wpmagazine_modules_lite_featured_media_urls":{"thumbnail":["https:\/\/elregionaldigital.info\/wp-content\/uploads\/2025\/04\/31sep-750x563-1-150x150.webp",150,150,true],"cvmm-medium":["https:\/\/elregionaldigital.info\/wp-content\/uploads\/2025\/04\/31sep-750x563-1-300x300.webp",300,300,true],"cvmm-medium-plus":["https:\/\/elregionaldigital.info\/wp-content\/uploads\/2025\/04\/31sep-750x563-1-305x207.webp",305,207,true],"cvmm-portrait":["https:\/\/elregionaldigital.info\/wp-content\/uploads\/2025\/04\/31sep-750x563-1-400x563.webp",400,563,true],"cvmm-medium-square":["https:\/\/elregionaldigital.info\/wp-content\/uploads\/2025\/04\/31sep-750x563-1-600x563.webp",600,563,true],"cvmm-large":["https:\/\/elregionaldigital.info\/wp-content\/uploads\/2025\/04\/31sep-750x563-1.webp",750,563,false],"cvmm-small":["https:\/\/elregionaldigital.info\/wp-content\/uploads\/2025\/04\/31sep-750x563-1-130x95.webp",130,95,true],"full":["https:\/\/elregionaldigital.info\/wp-content\/uploads\/2025\/04\/31sep-750x563-1.webp",750,563,false]},"_links":{"self":[{"href":"https:\/\/elregionaldigital.info\/index.php?rest_route=\/wp\/v2\/posts\/4327","targetHints":{"allow":["GET"]}}],"collection":[{"href":"https:\/\/elregionaldigital.info\/index.php?rest_route=\/wp\/v2\/posts"}],"about":[{"href":"https:\/\/elregionaldigital.info\/index.php?rest_route=\/wp\/v2\/types\/post"}],"author":[{"embeddable":true,"href":"https:\/\/elregionaldigital.info\/index.php?rest_route=\/wp\/v2\/users\/1"}],"replies":[{"embeddable":true,"href":"https:\/\/elregionaldigital.info\/index.php?rest_route=%2Fwp%2Fv2%2Fcomments&post=4327"}],"version-history":[{"count":1,"href":"https:\/\/elregionaldigital.info\/index.php?rest_route=\/wp\/v2\/posts\/4327\/revisions"}],"predecessor-version":[{"id":4329,"href":"https:\/\/elregionaldigital.info\/index.php?rest_route=\/wp\/v2\/posts\/4327\/revisions\/4329"}],"wp:featuredmedia":[{"embeddable":true,"href":"https:\/\/elregionaldigital.info\/index.php?rest_route=\/wp\/v2\/media\/4328"}],"wp:attachment":[{"href":"https:\/\/elregionaldigital.info\/index.php?rest_route=%2Fwp%2Fv2%2Fmedia&parent=4327"}],"wp:term":[{"taxonomy":"category","embeddable":true,"href":"https:\/\/elregionaldigital.info\/index.php?rest_route=%2Fwp%2Fv2%2Fcategories&post=4327"},{"taxonomy":"post_tag","embeddable":true,"href":"https:\/\/elregionaldigital.info\/index.php?rest_route=%2Fwp%2Fv2%2Ftags&post=4327"}],"curies":[{"name":"wp","href":"https:\/\/api.w.org\/{rel}","templated":true}]}}