{"id":4321,"date":"2025-03-31T17:29:06","date_gmt":"2025-03-31T17:29:06","guid":{"rendered":"https:\/\/elregionaldigital.info\/?p=4321"},"modified":"2025-04-01T17:29:35","modified_gmt":"2025-04-01T17:29:35","slug":"la-uat-y-el-sutuat-avanzan-en-negociaciones-del-contrato-colectivo-laboral-2025","status":"publish","type":"post","link":"https:\/\/elregionaldigital.info\/?p=4321","title":{"rendered":"La UAT y el SUTUAT avanzan en negociaciones del contrato colectivo laboral 2025"},"content":{"rendered":"\n<p>La Universidad Aut\u00f3noma de Tamaulipas y el Sindicato \u00danico de Trabajadores de la UAT (SUTUAT)<br>acordaron continuar las pl\u00e1ticas y negociaciones en torno a la revisi\u00f3n del contrato colectivo<br>laboral 2025, teniendo como fecha l\u00edmite los \u00faltimos d\u00edas del pr\u00f3ximo mes de mayo.<br>En reuni\u00f3n celebrada este lunes 31 de marzo en las oficinas de la Rector\u00eda, las autoridades<br>universitarias y la dirigencia estatal del SUTUAT dieron avances en la revisi\u00f3n de una serie de<br>cl\u00e1usulas del contrato laboral y acordaron mantener el di\u00e1logo abierto y respetuoso en las<br>negociaciones.<br>En su oportunidad, el rector D\u00e1maso Anaya Alvarado reiter\u00f3 la total disposici\u00f3n de su<br>administraci\u00f3n para llegar a los mejores acuerdos entre ambas partes, y continuar trabajando en<br>un clima de armon\u00eda que permita que la Universidad avance como hasta hoy se ha venido<br>haciendo.<br>El acuerdo fue firmado por el secretario general del SUTUAT, Jos\u00e9 Luis Casta\u00f1\u00f3n Ramos y el<br>secretario de Trabajo y Conflictos, Juan Gabriel Puga Lim\u00f3n; por parte de la UAT suscribi\u00f3 el<br>abogado general, Mario Mart\u00ednez Vel\u00e1zquez.<br>Atestiguaron el acto, integrantes del comit\u00e9 directivo estatal del sindicato, la secretaria general de<br>la Universidad, Mar\u00eda Concepci\u00f3n Placencia Valadez, el secretario de Finanzas, Eduardo Garc\u00eda<br>Fuentes y el secretario de Administraci\u00f3n, Jes\u00fas Francisco Castillo Cedillo.<\/p>\n","protected":false},"excerpt":{"rendered":"<p>La Universidad Aut\u00f3noma de Tamaulipas y el Sindicato \u00danico de Trabajadores de la UAT (SUTUAT)acordaron continuar las pl\u00e1ticas y negociaciones en torno a la revisi\u00f3n del contrato colectivolaboral 2025, teniendo como fecha l\u00edmite los \u00faltimos d\u00edas del pr\u00f3ximo mes de mayo.En reuni\u00f3n celebrada este lunes 31 de marzo en las oficinas de la Rector\u00eda, las [&hellip;]<\/p>\n","protected":false},"author":1,"featured_media":4322,"comment_status":"open","ping_status":"open","sticky":false,"template":"","format":"standard","meta":{"footnotes":""},"categories":[4],"tags":[],"class_list":["post-4321","post","type-post","status-publish","format-standard","has-post-thumbnail","hentry","category-universidades"],"blog_post_layout_featured_media_urls":{"thumbnail":["https:\/\/elregionaldigital.info\/wp-content\/uploads\/2025\/04\/2-2-150x150.jpeg",150,150,true],"full":["https:\/\/elregionaldigital.info\/wp-content\/uploads\/2025\/04\/2-2-scaled.jpeg",2560,1441,false]},"categories_names":{"4":{"name":"Universidades","link":"https:\/\/elregionaldigital.info\/?cat=4"}},"tags_names":[],"comments_number":"0","wpmagazine_modules_lite_featured_media_urls":{"thumbnail":["https:\/\/elregionaldigital.info\/wp-content\/uploads\/2025\/04\/2-2-150x150.jpeg",150,150,true],"cvmm-medium":["https:\/\/elregionaldigital.info\/wp-content\/uploads\/2025\/04\/2-2-300x300.jpeg",300,300,true],"cvmm-medium-plus":["https:\/\/elregionaldigital.info\/wp-content\/uploads\/2025\/04\/2-2-305x207.jpeg",305,207,true],"cvmm-portrait":["https:\/\/elregionaldigital.info\/wp-content\/uploads\/2025\/04\/2-2-400x600.jpeg",400,600,true],"cvmm-medium-square":["https:\/\/elregionaldigital.info\/wp-content\/uploads\/2025\/04\/2-2-600x600.jpeg",600,600,true],"cvmm-large":["https:\/\/elregionaldigital.info\/wp-content\/uploads\/2025\/04\/2-2-1024x1024.jpeg",1024,1024,true],"cvmm-small":["https:\/\/elregionaldigital.info\/wp-content\/uploads\/2025\/04\/2-2-130x95.jpeg",130,95,true],"full":["https:\/\/elregionaldigital.info\/wp-content\/uploads\/2025\/04\/2-2-scaled.jpeg",2560,1441,false]},"_links":{"self":[{"href":"https:\/\/elregionaldigital.info\/index.php?rest_route=\/wp\/v2\/posts\/4321","targetHints":{"allow":["GET"]}}],"collection":[{"href":"https:\/\/elregionaldigital.info\/index.php?rest_route=\/wp\/v2\/posts"}],"about":[{"href":"https:\/\/elregionaldigital.info\/index.php?rest_route=\/wp\/v2\/types\/post"}],"author":[{"embeddable":true,"href":"https:\/\/elregionaldigital.info\/index.php?rest_route=\/wp\/v2\/users\/1"}],"replies":[{"embeddable":true,"href":"https:\/\/elregionaldigital.info\/index.php?rest_route=%2Fwp%2Fv2%2Fcomments&post=4321"}],"version-history":[{"count":1,"href":"https:\/\/elregionaldigital.info\/index.php?rest_route=\/wp\/v2\/posts\/4321\/revisions"}],"predecessor-version":[{"id":4323,"href":"https:\/\/elregionaldigital.info\/index.php?rest_route=\/wp\/v2\/posts\/4321\/revisions\/4323"}],"wp:featuredmedia":[{"embeddable":true,"href":"https:\/\/elregionaldigital.info\/index.php?rest_route=\/wp\/v2\/media\/4322"}],"wp:attachment":[{"href":"https:\/\/elregionaldigital.info\/index.php?rest_route=%2Fwp%2Fv2%2Fmedia&parent=4321"}],"wp:term":[{"taxonomy":"category","embeddable":true,"href":"https:\/\/elregionaldigital.info\/index.php?rest_route=%2Fwp%2Fv2%2Fcategories&post=4321"},{"taxonomy":"post_tag","embeddable":true,"href":"https:\/\/elregionaldigital.info\/index.php?rest_route=%2Fwp%2Fv2%2Ftags&post=4321"}],"curies":[{"name":"wp","href":"https:\/\/api.w.org\/{rel}","templated":true}]}}