{"id":4318,"date":"2025-03-30T16:30:35","date_gmt":"2025-03-30T16:30:35","guid":{"rendered":"https:\/\/elregionaldigital.info\/?p=4318"},"modified":"2025-03-31T16:31:04","modified_gmt":"2025-03-31T16:31:04","slug":"damaso-anaya-rendira-su-primer-informe-al-frente-de-la-uat","status":"publish","type":"post","link":"https:\/\/elregionaldigital.info\/?p=4318","title":{"rendered":"D\u00e1maso Anaya rendir\u00e1 su primer informe al frente de la UAT"},"content":{"rendered":"\n<p><br>En cumplimiento con la transparencia y rendici\u00f3n de cuentas, y de conformidad con el Estatuto<br>Universitario, el rector de la Universidad Aut\u00f3noma de Tamaulipas (UAT), D\u00e1maso Anaya Alvarado,<br>presentar\u00e1 este 4 de abril su Primer Informe de Labores.<br>Teniendo como marco la celebraci\u00f3n del 75 aniversario de la UAT, el rector rendir\u00e1 su informe<br>ante la Asamblea General Universitaria, integrada por las directoras y directores de las 27<br>dependencias acad\u00e9micas, as\u00ed como por representantes de docentes y estudiantes.<br>En la ceremonia, que tendr\u00e1 como recinto oficial el Gimnasio Multidisciplinario del Campus<br>Victoria, se contar\u00e1 con la presencia, como invitados de honor, de las autoridades de los tres<br>\u00f3rdenes de gobierno, autoridades municipales, del sistema educativo y representantes de<br>organismos p\u00fablicos, privados y sociales.<br>D\u00e1maso Anaya dar\u00e1 a conocer los avances y logros alcanzados del Plan de Desarrollo Institucional<br>2024-2028, a poco m\u00e1s de un a\u00f1o de asumir el m\u00e1ximo cargo directivo de la casa de estudios, cuya<br>gesti\u00f3n ha proyectado una Universidad conectada con la sociedad, enfocada en la formaci\u00f3n<br>inclusiva, la innovaci\u00f3n y la sostenibilidad, con la misi\u00f3n clara de inspirar y transformar.<br>En ese sentido, busca consolidar a la UAT como una Universidad de excelencia, promoviendo el<br>desarrollo de infraestructura y la expansi\u00f3n y el crecimiento acad\u00e9mico.<br>Dar\u00e1 cuenta del fortalecimiento a rubros como la vinculaci\u00f3n con organismos gubernamentales,<br>empresariales y sectores estrat\u00e9gicos en todas las regiones del estado, as\u00ed como instituciones<br>educativas locales, nacionales y del extranjero, permitiendo la generaci\u00f3n de alianzas para la<br>investigaci\u00f3n y la movilidad acad\u00e9mica.<br>Informar\u00e1 de los programas de apoyo a la comunidad estudiantil mediante becas, est\u00edmulos y<br>equipamiento educativo, as\u00ed como las acciones en beneficio del personal acad\u00e9mico.<\/p>\n\n\n\n<p><br>Mediante este ejercicio de rendici\u00f3n de cuentas a la sociedad en general, D\u00e1maso Anaya no solo<br>resaltar\u00e1 los resultados de su primer a\u00f1o de gesti\u00f3n, sino que tambi\u00e9n delinear\u00e1 las perspectivas<br>para fortalecer la identidad de la UAT como una Universidad de vanguardia, comprometida con la<br>excelencia acad\u00e9mica, la innovaci\u00f3n y el desarrollo integral de su comunidad.<\/p>\n","protected":false},"excerpt":{"rendered":"<p>En cumplimiento con la transparencia y rendici\u00f3n de cuentas, y de conformidad con el EstatutoUniversitario, el rector de la Universidad Aut\u00f3noma de Tamaulipas (UAT), D\u00e1maso Anaya Alvarado,presentar\u00e1 este 4 de abril su Primer Informe de Labores.Teniendo como marco la celebraci\u00f3n del 75 aniversario de la UAT, el rector rendir\u00e1 su informeante la Asamblea General Universitaria, [&hellip;]<\/p>\n","protected":false},"author":1,"featured_media":4319,"comment_status":"open","ping_status":"open","sticky":false,"template":"","format":"standard","meta":{"footnotes":""},"categories":[4],"tags":[],"class_list":["post-4318","post","type-post","status-publish","format-standard","has-post-thumbnail","hentry","category-universidades"],"blog_post_layout_featured_media_urls":{"thumbnail":["https:\/\/elregionaldigital.info\/wp-content\/uploads\/2025\/03\/1-1-1-150x150.jpg",150,150,true],"full":["https:\/\/elregionaldigital.info\/wp-content\/uploads\/2025\/03\/1-1-1-scaled.jpg",1706,2560,false]},"categories_names":{"4":{"name":"Universidades","link":"https:\/\/elregionaldigital.info\/?cat=4"}},"tags_names":[],"comments_number":"0","wpmagazine_modules_lite_featured_media_urls":{"thumbnail":["https:\/\/elregionaldigital.info\/wp-content\/uploads\/2025\/03\/1-1-1-150x150.jpg",150,150,true],"cvmm-medium":["https:\/\/elregionaldigital.info\/wp-content\/uploads\/2025\/03\/1-1-1-300x300.jpg",300,300,true],"cvmm-medium-plus":["https:\/\/elregionaldigital.info\/wp-content\/uploads\/2025\/03\/1-1-1-305x207.jpg",305,207,true],"cvmm-portrait":["https:\/\/elregionaldigital.info\/wp-content\/uploads\/2025\/03\/1-1-1-400x600.jpg",400,600,true],"cvmm-medium-square":["https:\/\/elregionaldigital.info\/wp-content\/uploads\/2025\/03\/1-1-1-600x600.jpg",600,600,true],"cvmm-large":["https:\/\/elregionaldigital.info\/wp-content\/uploads\/2025\/03\/1-1-1-1024x1024.jpg",1024,1024,true],"cvmm-small":["https:\/\/elregionaldigital.info\/wp-content\/uploads\/2025\/03\/1-1-1-130x95.jpg",130,95,true],"full":["https:\/\/elregionaldigital.info\/wp-content\/uploads\/2025\/03\/1-1-1-scaled.jpg",1706,2560,false]},"_links":{"self":[{"href":"https:\/\/elregionaldigital.info\/index.php?rest_route=\/wp\/v2\/posts\/4318","targetHints":{"allow":["GET"]}}],"collection":[{"href":"https:\/\/elregionaldigital.info\/index.php?rest_route=\/wp\/v2\/posts"}],"about":[{"href":"https:\/\/elregionaldigital.info\/index.php?rest_route=\/wp\/v2\/types\/post"}],"author":[{"embeddable":true,"href":"https:\/\/elregionaldigital.info\/index.php?rest_route=\/wp\/v2\/users\/1"}],"replies":[{"embeddable":true,"href":"https:\/\/elregionaldigital.info\/index.php?rest_route=%2Fwp%2Fv2%2Fcomments&post=4318"}],"version-history":[{"count":1,"href":"https:\/\/elregionaldigital.info\/index.php?rest_route=\/wp\/v2\/posts\/4318\/revisions"}],"predecessor-version":[{"id":4320,"href":"https:\/\/elregionaldigital.info\/index.php?rest_route=\/wp\/v2\/posts\/4318\/revisions\/4320"}],"wp:featuredmedia":[{"embeddable":true,"href":"https:\/\/elregionaldigital.info\/index.php?rest_route=\/wp\/v2\/media\/4319"}],"wp:attachment":[{"href":"https:\/\/elregionaldigital.info\/index.php?rest_route=%2Fwp%2Fv2%2Fmedia&parent=4318"}],"wp:term":[{"taxonomy":"category","embeddable":true,"href":"https:\/\/elregionaldigital.info\/index.php?rest_route=%2Fwp%2Fv2%2Fcategories&post=4318"},{"taxonomy":"post_tag","embeddable":true,"href":"https:\/\/elregionaldigital.info\/index.php?rest_route=%2Fwp%2Fv2%2Ftags&post=4318"}],"curies":[{"name":"wp","href":"https:\/\/api.w.org\/{rel}","templated":true}]}}