{"id":4303,"date":"2025-03-26T15:30:14","date_gmt":"2025-03-26T15:30:14","guid":{"rendered":"https:\/\/elregionaldigital.info\/?p=4303"},"modified":"2025-03-31T15:30:45","modified_gmt":"2025-03-31T15:30:45","slug":"entrega-rector-damaso-anaya-moderna-guarderia-cendi-uat-imss","status":"publish","type":"post","link":"https:\/\/elregionaldigital.info\/?p=4303","title":{"rendered":"Entrega rector D\u00e1maso Anaya moderna guarder\u00eda CENDI UAT-IMSS"},"content":{"rendered":"\n<p><br>Reafirmando su compromiso con la comunidad universitaria, el rector de la Universidad Aut\u00f3noma<br>de Tamaulipas (UAT), D\u00e1maso Anaya Alvarado, inaugur\u00f3 en esta capital las modernas instalaciones<br>del Centro de Desarrollo Infantil CENDI UAT E-0004, un espacio dise\u00f1ado para brindar atenci\u00f3n<br>integral y de calidad a hijas e hijos del personal que labora en la m\u00e1xima casa de estudios del<br>estado.<br>El rector, y su esposa, Isolda Rend\u00f3n de Anaya, presidenta de Familia UAT, encabezaron el corte<br>de list\u00f3n para dar apertura a la nueva guarder\u00eda cuyo modelo es apoyado por el Instituto Mexicano<br>del Seguro Social (IMSS).<br>Con la asistencia del delegado estatal del IMSS, Jos\u00e9 Luis Aranza Aguilar y de la representante del<br>Sistema DIF Tamaulipas, Karen Elisa Ram\u00edrez Z\u00e1rate, el rector D\u00e1maso Anaya expres\u00f3 que este<br>centro reafirma el compromiso de proporcionar un espacio seguro y de calidad para el cuidado<br>infantil.<br>Agradeci\u00f3 el apoyo del IMSS para hacer posible este proyecto que se consolida como un modelo<br>de innovaci\u00f3n y responsabilidad social, en el que actualmente se atiende a 183 infantes,<br>fortaleciendo el bienestar de los trabajadores de la UAT.<br>Por su parte, Jos\u00e9 Luis Aranza felicit\u00f3 a la Universidad por la creaci\u00f3n de un espacio que prioriza la<br>seguridad y el desarrollo infantil, subrayando el compromiso de colaborar con la UAT en este tipo<br>proyectos.<br>En representaci\u00f3n del Consejo de Padres de Familia, Sandra Luz Snydelaar N\u00fa\u00f1ez agradeci\u00f3 a la<br>administraci\u00f3n universitaria por este proyecto, resaltando la tranquilidad que brindar\u00e1 a las<br>familias al contar con un espacio adecuado para sus hijos<br>Las autoridades hicieron un recorrido por las diferentes \u00e1reas dise\u00f1adas para el desarrollo infantil,<br>y como parte del evento, los peque\u00f1os de maternal C-2 presentaron el baile \u201cPerla Tamaulipeca\u201d<br>demostrando la importancia de integrar el arte y la cultura en la formaci\u00f3n temprana de los ni\u00f1os.<\/p>\n","protected":false},"excerpt":{"rendered":"<p>Reafirmando su compromiso con la comunidad universitaria, el rector de la Universidad Aut\u00f3nomade Tamaulipas (UAT), D\u00e1maso Anaya Alvarado, inaugur\u00f3 en esta capital las modernas instalacionesdel Centro de Desarrollo Infantil CENDI UAT E-0004, un espacio dise\u00f1ado para brindar atenci\u00f3nintegral y de calidad a hijas e hijos del personal que labora en la m\u00e1xima casa de estudios [&hellip;]<\/p>\n","protected":false},"author":1,"featured_media":4304,"comment_status":"open","ping_status":"open","sticky":false,"template":"","format":"standard","meta":{"footnotes":""},"categories":[4],"tags":[],"class_list":["post-4303","post","type-post","status-publish","format-standard","has-post-thumbnail","hentry","category-universidades"],"blog_post_layout_featured_media_urls":{"thumbnail":["https:\/\/elregionaldigital.info\/wp-content\/uploads\/2025\/03\/6-1-150x150.jpg",150,150,true],"full":["https:\/\/elregionaldigital.info\/wp-content\/uploads\/2025\/03\/6-1-scaled.jpg",2560,1707,false]},"categories_names":{"4":{"name":"Universidades","link":"https:\/\/elregionaldigital.info\/?cat=4"}},"tags_names":[],"comments_number":"0","wpmagazine_modules_lite_featured_media_urls":{"thumbnail":["https:\/\/elregionaldigital.info\/wp-content\/uploads\/2025\/03\/6-1-150x150.jpg",150,150,true],"cvmm-medium":["https:\/\/elregionaldigital.info\/wp-content\/uploads\/2025\/03\/6-1-300x300.jpg",300,300,true],"cvmm-medium-plus":["https:\/\/elregionaldigital.info\/wp-content\/uploads\/2025\/03\/6-1-305x207.jpg",305,207,true],"cvmm-portrait":["https:\/\/elregionaldigital.info\/wp-content\/uploads\/2025\/03\/6-1-400x600.jpg",400,600,true],"cvmm-medium-square":["https:\/\/elregionaldigital.info\/wp-content\/uploads\/2025\/03\/6-1-600x600.jpg",600,600,true],"cvmm-large":["https:\/\/elregionaldigital.info\/wp-content\/uploads\/2025\/03\/6-1-1024x1024.jpg",1024,1024,true],"cvmm-small":["https:\/\/elregionaldigital.info\/wp-content\/uploads\/2025\/03\/6-1-130x95.jpg",130,95,true],"full":["https:\/\/elregionaldigital.info\/wp-content\/uploads\/2025\/03\/6-1-scaled.jpg",2560,1707,false]},"_links":{"self":[{"href":"https:\/\/elregionaldigital.info\/index.php?rest_route=\/wp\/v2\/posts\/4303","targetHints":{"allow":["GET"]}}],"collection":[{"href":"https:\/\/elregionaldigital.info\/index.php?rest_route=\/wp\/v2\/posts"}],"about":[{"href":"https:\/\/elregionaldigital.info\/index.php?rest_route=\/wp\/v2\/types\/post"}],"author":[{"embeddable":true,"href":"https:\/\/elregionaldigital.info\/index.php?rest_route=\/wp\/v2\/users\/1"}],"replies":[{"embeddable":true,"href":"https:\/\/elregionaldigital.info\/index.php?rest_route=%2Fwp%2Fv2%2Fcomments&post=4303"}],"version-history":[{"count":1,"href":"https:\/\/elregionaldigital.info\/index.php?rest_route=\/wp\/v2\/posts\/4303\/revisions"}],"predecessor-version":[{"id":4305,"href":"https:\/\/elregionaldigital.info\/index.php?rest_route=\/wp\/v2\/posts\/4303\/revisions\/4305"}],"wp:featuredmedia":[{"embeddable":true,"href":"https:\/\/elregionaldigital.info\/index.php?rest_route=\/wp\/v2\/media\/4304"}],"wp:attachment":[{"href":"https:\/\/elregionaldigital.info\/index.php?rest_route=%2Fwp%2Fv2%2Fmedia&parent=4303"}],"wp:term":[{"taxonomy":"category","embeddable":true,"href":"https:\/\/elregionaldigital.info\/index.php?rest_route=%2Fwp%2Fv2%2Fcategories&post=4303"},{"taxonomy":"post_tag","embeddable":true,"href":"https:\/\/elregionaldigital.info\/index.php?rest_route=%2Fwp%2Fv2%2Ftags&post=4303"}],"curies":[{"name":"wp","href":"https:\/\/api.w.org\/{rel}","templated":true}]}}