{"id":4300,"date":"2025-03-25T15:21:02","date_gmt":"2025-03-25T15:21:02","guid":{"rendered":"https:\/\/elregionaldigital.info\/?p=4300"},"modified":"2025-03-31T15:21:29","modified_gmt":"2025-03-31T15:21:29","slug":"firma-la-uat-convenio-con-el-ine-y-el-ietam","status":"publish","type":"post","link":"https:\/\/elregionaldigital.info\/?p=4300","title":{"rendered":"Firma la UAT convenio con el INE y el IETAM"},"content":{"rendered":"\n<p>La Universidad Aut\u00f3noma de Tamaulipas (UAT) colaborar\u00e1 con el Instituto Nacional Electoral (INE)<br>y el Instituto Electoral de Tamaulipas (IETAM) en el desarrollo de los foros y debates para la<br>elecci\u00f3n extraordinaria del Poder Judicial Federal y Local 2024-2025.<br>Lo anterior qued\u00f3 establecido mediante la firma de convenio presidida por el rector de la UAT,<br>D\u00e1maso Anaya Alvarado, junto al vocal ejecutivo del INE en Tamaulipas, Sergio Iv\u00e1n Ruiz Castellot,<br>y el consejero presidente del IETAM, Juan Jos\u00e9 Guadalupe Ramos Charre.<br>En este marco, D\u00e1maso Anaya destac\u00f3 el prop\u00f3sito de que la Universidad sea la plataforma en la<br>organizaci\u00f3n y desarrollo de los foros de debate entre los candidatos y candidatas a juezas, jueces,<br>magistradas y magistrados.<br>Se\u00f1al\u00f3 que estos debates son ejercicios esenciales para una democracia sana, que permite a la<br>ciudadan\u00eda escuchar, contrastar y formar un juicio propio sobre las propuestas, trayectorias y<br>capacidades de quienes aspiran a impartir justicia.<br>A\u00f1adi\u00f3 que, por ello, este convenio representa el compromiso institucional para fortalecer la<br>participaci\u00f3n democr\u00e1tica en un proceso extraordinario que no tiene precedentes y que abre un<br>nuevo cap\u00edtulo en la forma en que se configura el Poder Judicial.<br>Por su parte, el vocal ejecutivo del INE, Sergio Iv\u00e1n Ruiz Castellot, agradeci\u00f3 a la UAT por abrir sus<br>puertas a las autoridades electorales y a las candidatas y candidatos que habr\u00e1n de contender por<br>diferentes cargos del Poder Judicial, tanto en el nivel federal como estatal.<br>Reconoci\u00f3 tambi\u00e9n la participaci\u00f3n de la UAT, ya que aportar\u00e1 una base cultural-electoral en los<br>j\u00f3venes, quienes conocer\u00e1n c\u00f3mo ejercer sus derechos y c\u00f3mo involucrarse generando espacios<br>de conocimiento e interacci\u00f3n.<br>La exposici\u00f3n de motivos estuvo a cargo del consejero presidente del IETAM, Juan Jos\u00e9 Guadalupe<br>Ramos Charre, quien agradeci\u00f3 a la UAT la disposici\u00f3n de participar en un proceso hist\u00f3rico donde<\/p>\n\n\n\n<p><br>se elegir\u00e1n por primera vez a las y los ciudadanos que ocupar\u00e1n los 147 cargos que corresponden<br>al Poder Judicial de Tamaulipas. Asimismo, destac\u00f3 el apoyo permanente de la UAT, que ha sido<br>un importante aliado de las actividades del IETAM y del quehacer democr\u00e1tico en la entidad.<br>Durante la ceremonia se cont\u00f3 con la presencia de la presidenta de Familia UAT, Isolda Rend\u00f3n de<br>Anaya, consejeros electorales y funcionarios de la rector\u00eda.<\/p>\n","protected":false},"excerpt":{"rendered":"<p>La Universidad Aut\u00f3noma de Tamaulipas (UAT) colaborar\u00e1 con el Instituto Nacional Electoral (INE)y el Instituto Electoral de Tamaulipas (IETAM) en el desarrollo de los foros y debates para laelecci\u00f3n extraordinaria del Poder Judicial Federal y Local 2024-2025.Lo anterior qued\u00f3 establecido mediante la firma de convenio presidida por el rector de la UAT,D\u00e1maso Anaya Alvarado, junto [&hellip;]<\/p>\n","protected":false},"author":1,"featured_media":4301,"comment_status":"open","ping_status":"open","sticky":false,"template":"","format":"standard","meta":{"footnotes":""},"categories":[4],"tags":[],"class_list":["post-4300","post","type-post","status-publish","format-standard","has-post-thumbnail","hentry","category-universidades"],"blog_post_layout_featured_media_urls":{"thumbnail":["https:\/\/elregionaldigital.info\/wp-content\/uploads\/2025\/03\/5-1-150x150.jpeg",150,150,true],"full":["https:\/\/elregionaldigital.info\/wp-content\/uploads\/2025\/03\/5-1.jpeg",2560,1706,false]},"categories_names":{"4":{"name":"Universidades","link":"https:\/\/elregionaldigital.info\/?cat=4"}},"tags_names":[],"comments_number":"0","wpmagazine_modules_lite_featured_media_urls":{"thumbnail":["https:\/\/elregionaldigital.info\/wp-content\/uploads\/2025\/03\/5-1-150x150.jpeg",150,150,true],"cvmm-medium":["https:\/\/elregionaldigital.info\/wp-content\/uploads\/2025\/03\/5-1-300x300.jpeg",300,300,true],"cvmm-medium-plus":["https:\/\/elregionaldigital.info\/wp-content\/uploads\/2025\/03\/5-1-305x207.jpeg",305,207,true],"cvmm-portrait":["https:\/\/elregionaldigital.info\/wp-content\/uploads\/2025\/03\/5-1-400x600.jpeg",400,600,true],"cvmm-medium-square":["https:\/\/elregionaldigital.info\/wp-content\/uploads\/2025\/03\/5-1-600x600.jpeg",600,600,true],"cvmm-large":["https:\/\/elregionaldigital.info\/wp-content\/uploads\/2025\/03\/5-1-1024x1024.jpeg",1024,1024,true],"cvmm-small":["https:\/\/elregionaldigital.info\/wp-content\/uploads\/2025\/03\/5-1-130x95.jpeg",130,95,true],"full":["https:\/\/elregionaldigital.info\/wp-content\/uploads\/2025\/03\/5-1.jpeg",2560,1706,false]},"_links":{"self":[{"href":"https:\/\/elregionaldigital.info\/index.php?rest_route=\/wp\/v2\/posts\/4300","targetHints":{"allow":["GET"]}}],"collection":[{"href":"https:\/\/elregionaldigital.info\/index.php?rest_route=\/wp\/v2\/posts"}],"about":[{"href":"https:\/\/elregionaldigital.info\/index.php?rest_route=\/wp\/v2\/types\/post"}],"author":[{"embeddable":true,"href":"https:\/\/elregionaldigital.info\/index.php?rest_route=\/wp\/v2\/users\/1"}],"replies":[{"embeddable":true,"href":"https:\/\/elregionaldigital.info\/index.php?rest_route=%2Fwp%2Fv2%2Fcomments&post=4300"}],"version-history":[{"count":1,"href":"https:\/\/elregionaldigital.info\/index.php?rest_route=\/wp\/v2\/posts\/4300\/revisions"}],"predecessor-version":[{"id":4302,"href":"https:\/\/elregionaldigital.info\/index.php?rest_route=\/wp\/v2\/posts\/4300\/revisions\/4302"}],"wp:featuredmedia":[{"embeddable":true,"href":"https:\/\/elregionaldigital.info\/index.php?rest_route=\/wp\/v2\/media\/4301"}],"wp:attachment":[{"href":"https:\/\/elregionaldigital.info\/index.php?rest_route=%2Fwp%2Fv2%2Fmedia&parent=4300"}],"wp:term":[{"taxonomy":"category","embeddable":true,"href":"https:\/\/elregionaldigital.info\/index.php?rest_route=%2Fwp%2Fv2%2Fcategories&post=4300"},{"taxonomy":"post_tag","embeddable":true,"href":"https:\/\/elregionaldigital.info\/index.php?rest_route=%2Fwp%2Fv2%2Ftags&post=4300"}],"curies":[{"name":"wp","href":"https:\/\/api.w.org\/{rel}","templated":true}]}}