{"id":4297,"date":"2025-03-24T15:02:07","date_gmt":"2025-03-24T15:02:07","guid":{"rendered":"https:\/\/elregionaldigital.info\/?p=4297"},"modified":"2025-03-31T15:02:33","modified_gmt":"2025-03-31T15:02:33","slug":"la-uat-y-el-congreso-itinerante-realizan-brigada-medica-universitaria-en-nuevo-laredo","status":"publish","type":"post","link":"https:\/\/elregionaldigital.info\/?p=4297","title":{"rendered":"La UAT y el Congreso Itinerante realizan brigada m\u00e9dica universitaria en Nuevo Laredo"},"content":{"rendered":"\n<p>El rector D\u00e1maso Anaya Alvarado presidi\u00f3 el arranque de la Brigada M\u00e9dica Universitaria,<br>organizada por la Universidad Aut\u00f3noma de Tamaulipas (UAT) y el Congreso Itinerante del Estado,<br>teniendo como sede a la Facultad de Comercio, Administraci\u00f3n y Ciencias Sociales Nuevo Laredo.<br>Con la presencia de la alcaldesa Carmen Lilia Canturosas Villarreal y el diputado Humberto<br>Armando Prieto Herrera, presidente del Congreso del Estado, el rector D\u00e1maso Anaya destac\u00f3 la<br>oportunidad de celebrar esta brigada de salud como parte de las actividades itinerantes de la 66<br>Legislatura Local que han dado inicio en esta ciudad fronteriza.<br>Acompa\u00f1ado del director del plantel universitario sede de este evento, Ren\u00e9 Adri\u00e1n Salinas<br>Salinas, el rector dio la bienvenida a diputadas y diputados, as\u00ed como a las autoridades<br>municipales, resaltando su agradecimiento a la Facultad de Comercio de Nuevo Laredo por facilitar<br>esta jornada al servicio de toda la comunidad.<br>A su vez, reconoci\u00f3 el apoyo del gobernador Am\u00e9rico Villarreal Anaya por su visi\u00f3n y compromiso<br>con la salud p\u00fablica, as\u00ed como al Congreso del Estado por su impulso a estas iniciativas,<br>subrayando el compromiso de la Universidad de colaborar en acciones que impacten<br>positivamente en la sociedad.<br>Por su parte, la diputada local Ana Laura Huerta Valdovinos, destac\u00f3 la importancia de acercar<br>estos servicios m\u00e9dicos a la poblaci\u00f3n de Nuevo Laredo y resalt\u00f3 la necesidad de continuar<br>impulsando acciones en conjunto en beneficio de la salud p\u00fablica.<br>La comitiva hizo un recorrido por los m\u00f3dulos de la brigada m\u00e9dica que se lleva a cabo los d\u00edas 24<br>y 25 de marzo en el Edificio Administrativo de la Facultad de la UAT en Nuevo Laredo, ofreciendo<br>una amplia gama de servicios de salud.<br>Entre estos se encuentran la detecci\u00f3n temprana de c\u00e1ncer de mama, chequeos generales de<br>presi\u00f3n arterial, pruebas r\u00e1pidas de glucosa capilar (para personas con factores de riesgo), VIH de<br>cuarta generaci\u00f3n y s\u00edfilis. Y como parte de la estrategia de prevenci\u00f3n, se aplican vacunas contra<br>sarampi\u00f3n, rub\u00e9ola, hepatitis B, tosferina y papiloma humano, adem\u00e1s de revisi\u00f3n odontol\u00f3gica,<br>salud sexual y planificaci\u00f3n familiar.<\/p>\n","protected":false},"excerpt":{"rendered":"<p>El rector D\u00e1maso Anaya Alvarado presidi\u00f3 el arranque de la Brigada M\u00e9dica Universitaria,organizada por la Universidad Aut\u00f3noma de Tamaulipas (UAT) y el Congreso Itinerante del Estado,teniendo como sede a la Facultad de Comercio, Administraci\u00f3n y Ciencias Sociales Nuevo Laredo.Con la presencia de la alcaldesa Carmen Lilia Canturosas Villarreal y el diputado HumbertoArmando Prieto Herrera, presidente [&hellip;]<\/p>\n","protected":false},"author":1,"featured_media":4298,"comment_status":"open","ping_status":"open","sticky":false,"template":"","format":"standard","meta":{"footnotes":""},"categories":[4],"tags":[],"class_list":["post-4297","post","type-post","status-publish","format-standard","has-post-thumbnail","hentry","category-universidades"],"blog_post_layout_featured_media_urls":{"thumbnail":["https:\/\/elregionaldigital.info\/wp-content\/uploads\/2025\/03\/6-150x150.jpeg",150,150,true],"full":["https:\/\/elregionaldigital.info\/wp-content\/uploads\/2025\/03\/6.jpeg",1270,847,false]},"categories_names":{"4":{"name":"Universidades","link":"https:\/\/elregionaldigital.info\/?cat=4"}},"tags_names":[],"comments_number":"0","wpmagazine_modules_lite_featured_media_urls":{"thumbnail":["https:\/\/elregionaldigital.info\/wp-content\/uploads\/2025\/03\/6-150x150.jpeg",150,150,true],"cvmm-medium":["https:\/\/elregionaldigital.info\/wp-content\/uploads\/2025\/03\/6-300x300.jpeg",300,300,true],"cvmm-medium-plus":["https:\/\/elregionaldigital.info\/wp-content\/uploads\/2025\/03\/6-305x207.jpeg",305,207,true],"cvmm-portrait":["https:\/\/elregionaldigital.info\/wp-content\/uploads\/2025\/03\/6-400x600.jpeg",400,600,true],"cvmm-medium-square":["https:\/\/elregionaldigital.info\/wp-content\/uploads\/2025\/03\/6-600x600.jpeg",600,600,true],"cvmm-large":["https:\/\/elregionaldigital.info\/wp-content\/uploads\/2025\/03\/6-1024x847.jpeg",1024,847,true],"cvmm-small":["https:\/\/elregionaldigital.info\/wp-content\/uploads\/2025\/03\/6-130x95.jpeg",130,95,true],"full":["https:\/\/elregionaldigital.info\/wp-content\/uploads\/2025\/03\/6.jpeg",1270,847,false]},"_links":{"self":[{"href":"https:\/\/elregionaldigital.info\/index.php?rest_route=\/wp\/v2\/posts\/4297","targetHints":{"allow":["GET"]}}],"collection":[{"href":"https:\/\/elregionaldigital.info\/index.php?rest_route=\/wp\/v2\/posts"}],"about":[{"href":"https:\/\/elregionaldigital.info\/index.php?rest_route=\/wp\/v2\/types\/post"}],"author":[{"embeddable":true,"href":"https:\/\/elregionaldigital.info\/index.php?rest_route=\/wp\/v2\/users\/1"}],"replies":[{"embeddable":true,"href":"https:\/\/elregionaldigital.info\/index.php?rest_route=%2Fwp%2Fv2%2Fcomments&post=4297"}],"version-history":[{"count":1,"href":"https:\/\/elregionaldigital.info\/index.php?rest_route=\/wp\/v2\/posts\/4297\/revisions"}],"predecessor-version":[{"id":4299,"href":"https:\/\/elregionaldigital.info\/index.php?rest_route=\/wp\/v2\/posts\/4297\/revisions\/4299"}],"wp:featuredmedia":[{"embeddable":true,"href":"https:\/\/elregionaldigital.info\/index.php?rest_route=\/wp\/v2\/media\/4298"}],"wp:attachment":[{"href":"https:\/\/elregionaldigital.info\/index.php?rest_route=%2Fwp%2Fv2%2Fmedia&parent=4297"}],"wp:term":[{"taxonomy":"category","embeddable":true,"href":"https:\/\/elregionaldigital.info\/index.php?rest_route=%2Fwp%2Fv2%2Fcategories&post=4297"},{"taxonomy":"post_tag","embeddable":true,"href":"https:\/\/elregionaldigital.info\/index.php?rest_route=%2Fwp%2Fv2%2Ftags&post=4297"}],"curies":[{"name":"wp","href":"https:\/\/api.w.org\/{rel}","templated":true}]}}