{"id":4278,"date":"2025-03-15T14:50:59","date_gmt":"2025-03-15T14:50:59","guid":{"rendered":"https:\/\/elregionaldigital.info\/?p=4278"},"modified":"2025-03-18T14:51:22","modified_gmt":"2025-03-18T14:51:22","slug":"felicidades-senor-gobernador","status":"publish","type":"post","link":"https:\/\/elregionaldigital.info\/?p=4278","title":{"rendered":"Felicidades Se\u00f1or Gobernador !"},"content":{"rendered":"\n<p>La comunidad universitaria UAT, felicitamos al gobernador, Dr.&nbsp;<a href=\"https:\/\/www.facebook.com\/dr.americovillarreal?__cft__[0]=AZXd54va5eFY6OIF6E-_sAV8QiPWJ9ZdBRw_tZoZQHOGt1uhOuYrNs6yXbYj89cmfM2Z73LEvYM6Aw1xZbR-wiSa3JqnoXjnFlHvzN0suGVTPMaNme4BsMSg-pB3h4MJGXBRRKqjvdKQT0qUzieJ7NwI0dcuCGD22aOWLj5ypOPhYbXlgNQOQR6lA_DA7pXtZkU&amp;__tn__=-]K-R\">Am\u00e9rico Villarreal<\/a>, por su Tercer Informe de Gobierno. Nuestro reconocimiento por su excelente trabajo y la gesti\u00f3n humanista que impulsa para avanzar en la transformaci\u00f3n de Tamaulipas.<\/p>\n\n\n\n<p>Agradecemos su apoyo y el trabajo en conjunto con nuestra universidad para seguir fortaleciendo la educaci\u00f3n, la innovaci\u00f3n y el bienestar de nuestro estado. \u00a1Enhorabuena!<\/p>\n\n\n\n<p>Verdad, Belleza, Probidad.<\/p>\n","protected":false},"excerpt":{"rendered":"<p>La comunidad universitaria UAT, felicitamos al gobernador, Dr.&nbsp;Am\u00e9rico Villarreal, por su Tercer Informe de Gobierno. Nuestro reconocimiento por su excelente trabajo y la gesti\u00f3n humanista que impulsa para avanzar en la transformaci\u00f3n de Tamaulipas. Agradecemos su apoyo y el trabajo en conjunto con nuestra universidad para seguir fortaleciendo la educaci\u00f3n, la innovaci\u00f3n y el bienestar [&hellip;]<\/p>\n","protected":false},"author":1,"featured_media":4279,"comment_status":"open","ping_status":"open","sticky":false,"template":"","format":"standard","meta":{"footnotes":""},"categories":[4],"tags":[],"class_list":["post-4278","post","type-post","status-publish","format-standard","has-post-thumbnail","hentry","category-universidades"],"blog_post_layout_featured_media_urls":{"thumbnail":["https:\/\/elregionaldigital.info\/wp-content\/uploads\/2025\/03\/485146137_696665646024817_3270272050977783029_n-150x150.jpg",150,150,true],"full":["https:\/\/elregionaldigital.info\/wp-content\/uploads\/2025\/03\/485146137_696665646024817_3270272050977783029_n.jpg",512,720,false]},"categories_names":{"4":{"name":"Universidades","link":"https:\/\/elregionaldigital.info\/?cat=4"}},"tags_names":[],"comments_number":"0","wpmagazine_modules_lite_featured_media_urls":{"thumbnail":["https:\/\/elregionaldigital.info\/wp-content\/uploads\/2025\/03\/485146137_696665646024817_3270272050977783029_n-150x150.jpg",150,150,true],"cvmm-medium":["https:\/\/elregionaldigital.info\/wp-content\/uploads\/2025\/03\/485146137_696665646024817_3270272050977783029_n-300x300.jpg",300,300,true],"cvmm-medium-plus":["https:\/\/elregionaldigital.info\/wp-content\/uploads\/2025\/03\/485146137_696665646024817_3270272050977783029_n-305x207.jpg",305,207,true],"cvmm-portrait":["https:\/\/elregionaldigital.info\/wp-content\/uploads\/2025\/03\/485146137_696665646024817_3270272050977783029_n-400x600.jpg",400,600,true],"cvmm-medium-square":["https:\/\/elregionaldigital.info\/wp-content\/uploads\/2025\/03\/485146137_696665646024817_3270272050977783029_n-512x600.jpg",512,600,true],"cvmm-large":["https:\/\/elregionaldigital.info\/wp-content\/uploads\/2025\/03\/485146137_696665646024817_3270272050977783029_n.jpg",512,720,false],"cvmm-small":["https:\/\/elregionaldigital.info\/wp-content\/uploads\/2025\/03\/485146137_696665646024817_3270272050977783029_n-130x95.jpg",130,95,true],"full":["https:\/\/elregionaldigital.info\/wp-content\/uploads\/2025\/03\/485146137_696665646024817_3270272050977783029_n.jpg",512,720,false]},"_links":{"self":[{"href":"https:\/\/elregionaldigital.info\/index.php?rest_route=\/wp\/v2\/posts\/4278","targetHints":{"allow":["GET"]}}],"collection":[{"href":"https:\/\/elregionaldigital.info\/index.php?rest_route=\/wp\/v2\/posts"}],"about":[{"href":"https:\/\/elregionaldigital.info\/index.php?rest_route=\/wp\/v2\/types\/post"}],"author":[{"embeddable":true,"href":"https:\/\/elregionaldigital.info\/index.php?rest_route=\/wp\/v2\/users\/1"}],"replies":[{"embeddable":true,"href":"https:\/\/elregionaldigital.info\/index.php?rest_route=%2Fwp%2Fv2%2Fcomments&post=4278"}],"version-history":[{"count":1,"href":"https:\/\/elregionaldigital.info\/index.php?rest_route=\/wp\/v2\/posts\/4278\/revisions"}],"predecessor-version":[{"id":4280,"href":"https:\/\/elregionaldigital.info\/index.php?rest_route=\/wp\/v2\/posts\/4278\/revisions\/4280"}],"wp:featuredmedia":[{"embeddable":true,"href":"https:\/\/elregionaldigital.info\/index.php?rest_route=\/wp\/v2\/media\/4279"}],"wp:attachment":[{"href":"https:\/\/elregionaldigital.info\/index.php?rest_route=%2Fwp%2Fv2%2Fmedia&parent=4278"}],"wp:term":[{"taxonomy":"category","embeddable":true,"href":"https:\/\/elregionaldigital.info\/index.php?rest_route=%2Fwp%2Fv2%2Fcategories&post=4278"},{"taxonomy":"post_tag","embeddable":true,"href":"https:\/\/elregionaldigital.info\/index.php?rest_route=%2Fwp%2Fv2%2Ftags&post=4278"}],"curies":[{"name":"wp","href":"https:\/\/api.w.org\/{rel}","templated":true}]}}