{"id":4272,"date":"2025-03-13T14:03:18","date_gmt":"2025-03-13T14:03:18","guid":{"rendered":"https:\/\/elregionaldigital.info\/?p=4272"},"modified":"2025-03-15T14:03:42","modified_gmt":"2025-03-15T14:03:42","slug":"la-uat-y-secretaria-de-salud-fortalecen-su-vinculacion","status":"publish","type":"post","link":"https:\/\/elregionaldigital.info\/?p=4272","title":{"rendered":"La UAT y Secretar\u00eda de Salud fortalecen su vinculaci\u00f3n"},"content":{"rendered":"\n<p>La Universidad Aut\u00f3noma de Tamaulipas (UAT) y la Secretar\u00eda de Salud del Estado llevaron<br>a cabo la firma de un convenio que fortalece la colaboraci\u00f3n acad\u00e9mica y el impulso a<br>programas conjuntos de servicio social en beneficio de la salud comunitaria.<br>El rector de la UAT, D\u00e1maso Anaya Alvarado, presidi\u00f3 la celebraci\u00f3n de este acuerdo con<br>el secretario de Salud en Tamaulipas, Vicente Joel Hern\u00e1ndez Navarro, destacando la<br>suma de esfuerzos en el desarrollo de acciones como las campa\u00f1as de donaci\u00f3n de<br>sangre, donde la comunidad universitaria tiene una participaci\u00f3n muy importante.<br>Acompa\u00f1ado de su esposa, Isolda Rend\u00f3n de Anaya, presidenta de Familia UAT, el rector<br>D\u00e1maso Anaya dijo que se da un paso m\u00e1s en la consolidaci\u00f3n de una Universidad<br>comprometida con el desarrollo humano y social.<br>Subray\u00f3 que este acuerdo permitir\u00e1 fortalecer el v\u00ednculo entre la academia y la atenci\u00f3n<br>en salud, promoviendo la investigaci\u00f3n, la formaci\u00f3n profesional y el servicio a la<br>comunidad.<br>Se\u00f1al\u00f3 que la colaboraci\u00f3n con el Centro Estatal de Transfusi\u00f3n Sangu\u00ednea abre nuevas<br>oportunidades para que los estudiantes y docentes participen activamente en programas<br>que salvan vidas y mejoran la calidad de atenci\u00f3n m\u00e9dica en Tamaulipas.<br>Enfatiz\u00f3 que la salud es un pilar fundamental para el bienestar de la sociedad, y en la UAT<br>existe el convencimiento de que la educaci\u00f3n y la investigaci\u00f3n deben ir de la mano con el<br>servicio social y la responsabilidad comunitaria.<br>Por su parte, el secretario de Salud, Vicente Joel Hern\u00e1ndez Navarro, agradeci\u00f3 la<br>colaboraci\u00f3n de la UAT en acciones que son muy importantes para la salud como es la<br>donaci\u00f3n altruista de sangre; as\u00ed como en esquemas para la formaci\u00f3n de estudiantes, la<br>capacitaci\u00f3n de docentes; y en el cuidado en la prevenci\u00f3n de enfermedades.<\/p>\n\n\n\n<p>Cabe se\u00f1alar, que en el evento estuvieron presentes, por la UAT, el secretario de<br>Vinculaci\u00f3n, Rogelio de Jes\u00fas Ram\u00edrez Flores, y la secretaria de Gesti\u00f3n Escolar, Alma<br>Amalia Hern\u00e1ndez Ilizaliturri.<br>Por el sector salud, estuvieron el subsecretario de Atenci\u00f3n M\u00e9dica Especializada, Mart\u00edn<br>Arturo Rodr\u00edguez Alcocer; la subsecretaria de Administraci\u00f3n, Carolina Arriaga Flores; y la<br>directora del Centro Estatal de Transfusi\u00f3n Sangu\u00ednea, Juana Mar\u00eda C\u00e1rdenas Serna<\/p>\n","protected":false},"excerpt":{"rendered":"<p>La Universidad Aut\u00f3noma de Tamaulipas (UAT) y la Secretar\u00eda de Salud del Estado llevarona cabo la firma de un convenio que fortalece la colaboraci\u00f3n acad\u00e9mica y el impulso aprogramas conjuntos de servicio social en beneficio de la salud comunitaria.El rector de la UAT, D\u00e1maso Anaya Alvarado, presidi\u00f3 la celebraci\u00f3n de este acuerdo conel secretario de [&hellip;]<\/p>\n","protected":false},"author":1,"featured_media":4273,"comment_status":"open","ping_status":"open","sticky":false,"template":"","format":"standard","meta":{"footnotes":""},"categories":[4],"tags":[],"class_list":["post-4272","post","type-post","status-publish","format-standard","has-post-thumbnail","hentry","category-universidades"],"blog_post_layout_featured_media_urls":{"thumbnail":["https:\/\/elregionaldigital.info\/wp-content\/uploads\/2025\/03\/1-1-150x150.jpeg",150,150,true],"full":["https:\/\/elregionaldigital.info\/wp-content\/uploads\/2025\/03\/1-1.jpeg",2560,1706,false]},"categories_names":{"4":{"name":"Universidades","link":"https:\/\/elregionaldigital.info\/?cat=4"}},"tags_names":[],"comments_number":"0","wpmagazine_modules_lite_featured_media_urls":{"thumbnail":["https:\/\/elregionaldigital.info\/wp-content\/uploads\/2025\/03\/1-1-150x150.jpeg",150,150,true],"cvmm-medium":["https:\/\/elregionaldigital.info\/wp-content\/uploads\/2025\/03\/1-1-300x300.jpeg",300,300,true],"cvmm-medium-plus":["https:\/\/elregionaldigital.info\/wp-content\/uploads\/2025\/03\/1-1-305x207.jpeg",305,207,true],"cvmm-portrait":["https:\/\/elregionaldigital.info\/wp-content\/uploads\/2025\/03\/1-1-400x600.jpeg",400,600,true],"cvmm-medium-square":["https:\/\/elregionaldigital.info\/wp-content\/uploads\/2025\/03\/1-1-600x600.jpeg",600,600,true],"cvmm-large":["https:\/\/elregionaldigital.info\/wp-content\/uploads\/2025\/03\/1-1-1024x1024.jpeg",1024,1024,true],"cvmm-small":["https:\/\/elregionaldigital.info\/wp-content\/uploads\/2025\/03\/1-1-130x95.jpeg",130,95,true],"full":["https:\/\/elregionaldigital.info\/wp-content\/uploads\/2025\/03\/1-1.jpeg",2560,1706,false]},"_links":{"self":[{"href":"https:\/\/elregionaldigital.info\/index.php?rest_route=\/wp\/v2\/posts\/4272","targetHints":{"allow":["GET"]}}],"collection":[{"href":"https:\/\/elregionaldigital.info\/index.php?rest_route=\/wp\/v2\/posts"}],"about":[{"href":"https:\/\/elregionaldigital.info\/index.php?rest_route=\/wp\/v2\/types\/post"}],"author":[{"embeddable":true,"href":"https:\/\/elregionaldigital.info\/index.php?rest_route=\/wp\/v2\/users\/1"}],"replies":[{"embeddable":true,"href":"https:\/\/elregionaldigital.info\/index.php?rest_route=%2Fwp%2Fv2%2Fcomments&post=4272"}],"version-history":[{"count":1,"href":"https:\/\/elregionaldigital.info\/index.php?rest_route=\/wp\/v2\/posts\/4272\/revisions"}],"predecessor-version":[{"id":4274,"href":"https:\/\/elregionaldigital.info\/index.php?rest_route=\/wp\/v2\/posts\/4272\/revisions\/4274"}],"wp:featuredmedia":[{"embeddable":true,"href":"https:\/\/elregionaldigital.info\/index.php?rest_route=\/wp\/v2\/media\/4273"}],"wp:attachment":[{"href":"https:\/\/elregionaldigital.info\/index.php?rest_route=%2Fwp%2Fv2%2Fmedia&parent=4272"}],"wp:term":[{"taxonomy":"category","embeddable":true,"href":"https:\/\/elregionaldigital.info\/index.php?rest_route=%2Fwp%2Fv2%2Fcategories&post=4272"},{"taxonomy":"post_tag","embeddable":true,"href":"https:\/\/elregionaldigital.info\/index.php?rest_route=%2Fwp%2Fv2%2Ftags&post=4272"}],"curies":[{"name":"wp","href":"https:\/\/api.w.org\/{rel}","templated":true}]}}