{"id":4266,"date":"2025-03-13T00:10:13","date_gmt":"2025-03-13T00:10:13","guid":{"rendered":"https:\/\/elregionaldigital.info\/?p=4266"},"modified":"2025-03-13T00:10:14","modified_gmt":"2025-03-13T00:10:14","slug":"hacen-estallar-perfumes-de-regalo-en-veracruz-tres-victimas-hospitalizadas","status":"publish","type":"post","link":"https:\/\/elregionaldigital.info\/?p=4266","title":{"rendered":"Hacen estallar perfumes de \u2018regalo\u2019 en Veracruz; tres v\u00edctimas hospitalizadas"},"content":{"rendered":"\n<p><a href=\"https:\/\/laverdad.com.mx\/wp-content\/uploads\/2025\/03\/12perfu.webp\"><\/a><\/p>\n\n\n\n<p>Las autoridades estatales investigan el origen de los paquetes con botellas que estallan al ser manipuladas; el m\u00e1s reciente fue localizado la noche del lunes en la ciudad de Poza Rica. Aunque ya hay personas identificadas, no se han realizado detenciones, reportaron.<\/p>\n\n\n\n<p>La Secretar\u00eda de la Defensa Nacional emiti\u00f3 una alerta ciudadana para prevenir a la poblaci\u00f3n del norte de Veracruz ante el riesgo de recibir o encontrar paquetes de regalo que contienen supuestos frascos de perfume en spray que, al ser activados, explotan y han dejado a tres personas con las manos amputadas.<\/p>\n\n\n\n<p>En Papantla se han presentado dos casos. El primero ocurri\u00f3 el pasado 5 de marzo y afect\u00f3 a una pastora religiosa identificada como Esperanza N, de 56 a\u00f1os, quien encontr\u00f3 un paquete sobre un medidor de luz; al tomarlo y revisar su contenido, le explot\u00f3, lo que le provoc\u00f3 la amputaci\u00f3n de la mano derecha, la p\u00e9rdida de dedos en la otra mano y otras heridas.<\/p>\n\n\n\n<p>El segundo caso se registr\u00f3 tres d\u00edas despu\u00e9s, cuando Jes\u00fas Salvador N, de 25 a\u00f1os, recibi\u00f3 un paquete en su domicilio; al abrirlo, le explot\u00f3 y sufri\u00f3 la p\u00e9rdida de una extremidad.<\/p>\n\n\n\n<p>Anteriormente, a finales de febrero, un hecho similar ocurri\u00f3 en Coatzacoalcos, donde un obrero de la colonia Tierra y Libertad tambi\u00e9n recibi\u00f3 un paquete y, al abrirlo, le explot\u00f3, caus\u00e1ndole la p\u00e9rdida de una mano.<\/p>\n\n\n\n<p>La noche del pasado lunes, en Poza Rica, vecinos de la calle 5 de Mayo, en la colonia Manuel \u00c1vila Camacho, reportaron la presencia de un frasco extra\u00f1o con caracter\u00edsticas de una bomba de fabricaci\u00f3n casera. Al lugar acudieron elementos de la Secretar\u00eda de la Defensa Nacional, Protecci\u00f3n Civil y la polic\u00eda municipal. Los soldados hicieron estallar el artefacto en una zona apartada.<\/p>\n","protected":false},"excerpt":{"rendered":"<p>Las autoridades estatales investigan el origen de los paquetes con botellas que estallan al ser manipuladas; el m\u00e1s reciente fue localizado la noche del lunes en la ciudad de Poza Rica. Aunque ya hay personas identificadas, no se han realizado detenciones, reportaron. La Secretar\u00eda de la Defensa Nacional emiti\u00f3 una alerta ciudadana para prevenir a [&hellip;]<\/p>\n","protected":false},"author":1,"featured_media":4267,"comment_status":"open","ping_status":"open","sticky":false,"template":"","format":"standard","meta":{"footnotes":""},"categories":[5],"tags":[],"class_list":["post-4266","post","type-post","status-publish","format-standard","has-post-thumbnail","hentry","category-nacional"],"blog_post_layout_featured_media_urls":{"thumbnail":["https:\/\/elregionaldigital.info\/wp-content\/uploads\/2025\/03\/12perfu-750x563-1-150x150.webp",150,150,true],"full":["https:\/\/elregionaldigital.info\/wp-content\/uploads\/2025\/03\/12perfu-750x563-1.webp",750,563,false]},"categories_names":{"5":{"name":"Nacional","link":"https:\/\/elregionaldigital.info\/?cat=5"}},"tags_names":[],"comments_number":"0","wpmagazine_modules_lite_featured_media_urls":{"thumbnail":["https:\/\/elregionaldigital.info\/wp-content\/uploads\/2025\/03\/12perfu-750x563-1-150x150.webp",150,150,true],"cvmm-medium":["https:\/\/elregionaldigital.info\/wp-content\/uploads\/2025\/03\/12perfu-750x563-1-300x300.webp",300,300,true],"cvmm-medium-plus":["https:\/\/elregionaldigital.info\/wp-content\/uploads\/2025\/03\/12perfu-750x563-1-305x207.webp",305,207,true],"cvmm-portrait":["https:\/\/elregionaldigital.info\/wp-content\/uploads\/2025\/03\/12perfu-750x563-1-400x563.webp",400,563,true],"cvmm-medium-square":["https:\/\/elregionaldigital.info\/wp-content\/uploads\/2025\/03\/12perfu-750x563-1-600x563.webp",600,563,true],"cvmm-large":["https:\/\/elregionaldigital.info\/wp-content\/uploads\/2025\/03\/12perfu-750x563-1.webp",750,563,false],"cvmm-small":["https:\/\/elregionaldigital.info\/wp-content\/uploads\/2025\/03\/12perfu-750x563-1-130x95.webp",130,95,true],"full":["https:\/\/elregionaldigital.info\/wp-content\/uploads\/2025\/03\/12perfu-750x563-1.webp",750,563,false]},"_links":{"self":[{"href":"https:\/\/elregionaldigital.info\/index.php?rest_route=\/wp\/v2\/posts\/4266","targetHints":{"allow":["GET"]}}],"collection":[{"href":"https:\/\/elregionaldigital.info\/index.php?rest_route=\/wp\/v2\/posts"}],"about":[{"href":"https:\/\/elregionaldigital.info\/index.php?rest_route=\/wp\/v2\/types\/post"}],"author":[{"embeddable":true,"href":"https:\/\/elregionaldigital.info\/index.php?rest_route=\/wp\/v2\/users\/1"}],"replies":[{"embeddable":true,"href":"https:\/\/elregionaldigital.info\/index.php?rest_route=%2Fwp%2Fv2%2Fcomments&post=4266"}],"version-history":[{"count":1,"href":"https:\/\/elregionaldigital.info\/index.php?rest_route=\/wp\/v2\/posts\/4266\/revisions"}],"predecessor-version":[{"id":4268,"href":"https:\/\/elregionaldigital.info\/index.php?rest_route=\/wp\/v2\/posts\/4266\/revisions\/4268"}],"wp:featuredmedia":[{"embeddable":true,"href":"https:\/\/elregionaldigital.info\/index.php?rest_route=\/wp\/v2\/media\/4267"}],"wp:attachment":[{"href":"https:\/\/elregionaldigital.info\/index.php?rest_route=%2Fwp%2Fv2%2Fmedia&parent=4266"}],"wp:term":[{"taxonomy":"category","embeddable":true,"href":"https:\/\/elregionaldigital.info\/index.php?rest_route=%2Fwp%2Fv2%2Fcategories&post=4266"},{"taxonomy":"post_tag","embeddable":true,"href":"https:\/\/elregionaldigital.info\/index.php?rest_route=%2Fwp%2Fv2%2Ftags&post=4266"}],"curies":[{"name":"wp","href":"https:\/\/api.w.org\/{rel}","templated":true}]}}