{"id":4260,"date":"2025-03-12T16:25:10","date_gmt":"2025-03-12T16:25:10","guid":{"rendered":"https:\/\/elregionaldigital.info\/?p=4260"},"modified":"2025-03-12T16:25:11","modified_gmt":"2025-03-12T16:25:11","slug":"anuncia-ayuntamiento-de-victoria-pavimentacion-y-mejora-de-calles-en-mas-sectores","status":"publish","type":"post","link":"https:\/\/elregionaldigital.info\/?p=4260","title":{"rendered":"Anuncia Ayuntamiento de Victoria\u00a0pavimentaci\u00f3n y mejora de calles en m\u00e1s sectores"},"content":{"rendered":"\n<p><a href=\"https:\/\/laverdad.com.mx\/wp-content\/uploads\/2025\/03\/11pavim.jpeg\"><\/a> Como parte del Programa de Obra 2025, el Gobierno de Victoria, a trav\u00e9s de la Secretar\u00eda de Obras P\u00fablicas, inici\u00f3 el levantamiento de proyectos de rehabilitaci\u00f3n y pavimentaci\u00f3n asf\u00e1ltica en diversos sectores de la ciudad.<\/p>\n\n\n\n<p>De acuerdo al informe del Departamento de Proyectos, la lista de colonias beneficiadas la encabezan la Ampliaci\u00f3n Linda Vista, San Francisco, Libertad II, L\u00e1zaro C\u00e1rdenas, fraccionamientos Paseo de Los Olivos II y Sierra Gorda.<\/p>\n\n\n\n<p>En ese orden, se proyecta asfaltar las calles Florecita, Alejandro Prieto, Las Flores, Avenida Central, Ciudad Victoria y Santa Mar\u00eda de Aguayo para mejorar la calidad de vida de los habitantes, el flujo vehicular y acceso del transporte p\u00fablico.<\/p>\n\n\n\n<p>El informe semanal, destaca que, a trav\u00e9s del Programa Permanente de Bacheo, el gobierno de Victoria rehabilit\u00f3 en la primera semana de marzo, 820 metros cuadrados m\u00e1s de asfalto en ocho colonias y fraccionamientos.<\/p>\n","protected":false},"excerpt":{"rendered":"<p>Como parte del Programa de Obra 2025, el Gobierno de Victoria, a trav\u00e9s de la Secretar\u00eda de Obras P\u00fablicas, inici\u00f3 el levantamiento de proyectos de rehabilitaci\u00f3n y pavimentaci\u00f3n asf\u00e1ltica en diversos sectores de la ciudad. De acuerdo al informe del Departamento de Proyectos, la lista de colonias beneficiadas la encabezan la Ampliaci\u00f3n Linda Vista, San [&hellip;]<\/p>\n","protected":false},"author":1,"featured_media":4261,"comment_status":"open","ping_status":"open","sticky":false,"template":"","format":"standard","meta":{"footnotes":""},"categories":[2],"tags":[],"class_list":["post-4260","post","type-post","status-publish","format-standard","has-post-thumbnail","hentry","category-tamaulipas"],"blog_post_layout_featured_media_urls":{"thumbnail":["https:\/\/elregionaldigital.info\/wp-content\/uploads\/2025\/03\/11pavim-750x422-1-150x150.jpeg",150,150,true],"full":["https:\/\/elregionaldigital.info\/wp-content\/uploads\/2025\/03\/11pavim-750x422-1.jpeg",750,422,false]},"categories_names":{"2":{"name":"Tamaulipas","link":"https:\/\/elregionaldigital.info\/?cat=2"}},"tags_names":[],"comments_number":"0","wpmagazine_modules_lite_featured_media_urls":{"thumbnail":["https:\/\/elregionaldigital.info\/wp-content\/uploads\/2025\/03\/11pavim-750x422-1-150x150.jpeg",150,150,true],"cvmm-medium":["https:\/\/elregionaldigital.info\/wp-content\/uploads\/2025\/03\/11pavim-750x422-1-300x300.jpeg",300,300,true],"cvmm-medium-plus":["https:\/\/elregionaldigital.info\/wp-content\/uploads\/2025\/03\/11pavim-750x422-1-305x207.jpeg",305,207,true],"cvmm-portrait":["https:\/\/elregionaldigital.info\/wp-content\/uploads\/2025\/03\/11pavim-750x422-1-400x422.jpeg",400,422,true],"cvmm-medium-square":["https:\/\/elregionaldigital.info\/wp-content\/uploads\/2025\/03\/11pavim-750x422-1-600x422.jpeg",600,422,true],"cvmm-large":["https:\/\/elregionaldigital.info\/wp-content\/uploads\/2025\/03\/11pavim-750x422-1.jpeg",750,422,false],"cvmm-small":["https:\/\/elregionaldigital.info\/wp-content\/uploads\/2025\/03\/11pavim-750x422-1-130x95.jpeg",130,95,true],"full":["https:\/\/elregionaldigital.info\/wp-content\/uploads\/2025\/03\/11pavim-750x422-1.jpeg",750,422,false]},"_links":{"self":[{"href":"https:\/\/elregionaldigital.info\/index.php?rest_route=\/wp\/v2\/posts\/4260","targetHints":{"allow":["GET"]}}],"collection":[{"href":"https:\/\/elregionaldigital.info\/index.php?rest_route=\/wp\/v2\/posts"}],"about":[{"href":"https:\/\/elregionaldigital.info\/index.php?rest_route=\/wp\/v2\/types\/post"}],"author":[{"embeddable":true,"href":"https:\/\/elregionaldigital.info\/index.php?rest_route=\/wp\/v2\/users\/1"}],"replies":[{"embeddable":true,"href":"https:\/\/elregionaldigital.info\/index.php?rest_route=%2Fwp%2Fv2%2Fcomments&post=4260"}],"version-history":[{"count":1,"href":"https:\/\/elregionaldigital.info\/index.php?rest_route=\/wp\/v2\/posts\/4260\/revisions"}],"predecessor-version":[{"id":4262,"href":"https:\/\/elregionaldigital.info\/index.php?rest_route=\/wp\/v2\/posts\/4260\/revisions\/4262"}],"wp:featuredmedia":[{"embeddable":true,"href":"https:\/\/elregionaldigital.info\/index.php?rest_route=\/wp\/v2\/media\/4261"}],"wp:attachment":[{"href":"https:\/\/elregionaldigital.info\/index.php?rest_route=%2Fwp%2Fv2%2Fmedia&parent=4260"}],"wp:term":[{"taxonomy":"category","embeddable":true,"href":"https:\/\/elregionaldigital.info\/index.php?rest_route=%2Fwp%2Fv2%2Fcategories&post=4260"},{"taxonomy":"post_tag","embeddable":true,"href":"https:\/\/elregionaldigital.info\/index.php?rest_route=%2Fwp%2Fv2%2Ftags&post=4260"}],"curies":[{"name":"wp","href":"https:\/\/api.w.org\/{rel}","templated":true}]}}