{"id":4257,"date":"2025-03-11T20:50:13","date_gmt":"2025-03-11T20:50:13","guid":{"rendered":"https:\/\/elregionaldigital.info\/?p=4257"},"modified":"2025-03-11T20:50:15","modified_gmt":"2025-03-11T20:50:15","slug":"estudiante-de-la-uat-destaca-en-el-nacional-de-judo","status":"publish","type":"post","link":"https:\/\/elregionaldigital.info\/?p=4257","title":{"rendered":"Estudiante de la UAT destaca en el Nacional de Judo"},"content":{"rendered":"\n<p>El estudiante de la Universidad Aut\u00f3noma de Tamaulipas (UAT), Jos\u00e9 Alfredo Quint\u00e1<br>L\u00f3pez, obtuvo la medalla de bronce en el Torneo Nacional de Judo Tomoyoshi Yamaguchi,<br>celebrado del 28 de febrero al 2 de marzo en M\u00e9rida, Yucat\u00e1n.<br>El joven universitario acudi\u00f3 a la competencia como integrante de la selecci\u00f3n de<br>Tamaulipas que tuvo una importante participaci\u00f3n en este encuentro nacional.<br>Quint\u00e1 L\u00f3pez, alumno de la Unidad Acad\u00e9mica Multidisciplinaria Reynosa Rodhe de la<br>UAT, se colg\u00f3 la presea de bronce en la categor\u00eda -66 kg del Nacional de Judo acumulando<br>as\u00ed una presea m\u00e1s a su destacada trayectoria en este deporte.<br>El torneo realizado en el Complejo Deportivo Kukulc\u00e1n de M\u00e9rida reuni\u00f3 a 800 atletas de<br>28 estados del pa\u00eds, quienes compitieron por puntos en el ranking nacional con miras a<br>eventos internacionales en 2025.<br>Con estos resultados los j\u00f3venes deportistas de la UAT siguen cosechando logros en<br>competencia nacionales e internacionales, siendo ejemplo de superaci\u00f3n y dedicaci\u00f3n,<br>dejando en alto el nombre de la m\u00e1xima casa de estudios de Tamaulipas.<\/p>\n","protected":false},"excerpt":{"rendered":"<p>El estudiante de la Universidad Aut\u00f3noma de Tamaulipas (UAT), Jos\u00e9 Alfredo Quint\u00e1L\u00f3pez, obtuvo la medalla de bronce en el Torneo Nacional de Judo Tomoyoshi Yamaguchi,celebrado del 28 de febrero al 2 de marzo en M\u00e9rida, Yucat\u00e1n.El joven universitario acudi\u00f3 a la competencia como integrante de la selecci\u00f3n deTamaulipas que tuvo una importante participaci\u00f3n en este [&hellip;]<\/p>\n","protected":false},"author":1,"featured_media":4258,"comment_status":"open","ping_status":"open","sticky":false,"template":"","format":"standard","meta":{"footnotes":""},"categories":[6,4],"tags":[],"class_list":["post-4257","post","type-post","status-publish","format-standard","has-post-thumbnail","hentry","category-deportes","category-universidades"],"blog_post_layout_featured_media_urls":{"thumbnail":["https:\/\/elregionaldigital.info\/wp-content\/uploads\/2025\/03\/1-10-150x150.jpg",150,150,true],"full":["https:\/\/elregionaldigital.info\/wp-content\/uploads\/2025\/03\/1-10.jpg",1080,1080,false]},"categories_names":{"6":{"name":"Deportes","link":"https:\/\/elregionaldigital.info\/?cat=6"},"4":{"name":"Universidades","link":"https:\/\/elregionaldigital.info\/?cat=4"}},"tags_names":[],"comments_number":"0","wpmagazine_modules_lite_featured_media_urls":{"thumbnail":["https:\/\/elregionaldigital.info\/wp-content\/uploads\/2025\/03\/1-10-150x150.jpg",150,150,true],"cvmm-medium":["https:\/\/elregionaldigital.info\/wp-content\/uploads\/2025\/03\/1-10-300x300.jpg",300,300,true],"cvmm-medium-plus":["https:\/\/elregionaldigital.info\/wp-content\/uploads\/2025\/03\/1-10-305x207.jpg",305,207,true],"cvmm-portrait":["https:\/\/elregionaldigital.info\/wp-content\/uploads\/2025\/03\/1-10-400x600.jpg",400,600,true],"cvmm-medium-square":["https:\/\/elregionaldigital.info\/wp-content\/uploads\/2025\/03\/1-10-600x600.jpg",600,600,true],"cvmm-large":["https:\/\/elregionaldigital.info\/wp-content\/uploads\/2025\/03\/1-10-1024x1024.jpg",1024,1024,true],"cvmm-small":["https:\/\/elregionaldigital.info\/wp-content\/uploads\/2025\/03\/1-10-130x95.jpg",130,95,true],"full":["https:\/\/elregionaldigital.info\/wp-content\/uploads\/2025\/03\/1-10.jpg",1080,1080,false]},"_links":{"self":[{"href":"https:\/\/elregionaldigital.info\/index.php?rest_route=\/wp\/v2\/posts\/4257","targetHints":{"allow":["GET"]}}],"collection":[{"href":"https:\/\/elregionaldigital.info\/index.php?rest_route=\/wp\/v2\/posts"}],"about":[{"href":"https:\/\/elregionaldigital.info\/index.php?rest_route=\/wp\/v2\/types\/post"}],"author":[{"embeddable":true,"href":"https:\/\/elregionaldigital.info\/index.php?rest_route=\/wp\/v2\/users\/1"}],"replies":[{"embeddable":true,"href":"https:\/\/elregionaldigital.info\/index.php?rest_route=%2Fwp%2Fv2%2Fcomments&post=4257"}],"version-history":[{"count":1,"href":"https:\/\/elregionaldigital.info\/index.php?rest_route=\/wp\/v2\/posts\/4257\/revisions"}],"predecessor-version":[{"id":4259,"href":"https:\/\/elregionaldigital.info\/index.php?rest_route=\/wp\/v2\/posts\/4257\/revisions\/4259"}],"wp:featuredmedia":[{"embeddable":true,"href":"https:\/\/elregionaldigital.info\/index.php?rest_route=\/wp\/v2\/media\/4258"}],"wp:attachment":[{"href":"https:\/\/elregionaldigital.info\/index.php?rest_route=%2Fwp%2Fv2%2Fmedia&parent=4257"}],"wp:term":[{"taxonomy":"category","embeddable":true,"href":"https:\/\/elregionaldigital.info\/index.php?rest_route=%2Fwp%2Fv2%2Fcategories&post=4257"},{"taxonomy":"post_tag","embeddable":true,"href":"https:\/\/elregionaldigital.info\/index.php?rest_route=%2Fwp%2Fv2%2Ftags&post=4257"}],"curies":[{"name":"wp","href":"https:\/\/api.w.org\/{rel}","templated":true}]}}