{"id":4254,"date":"2025-03-10T14:39:16","date_gmt":"2025-03-10T14:39:16","guid":{"rendered":"https:\/\/elregionaldigital.info\/?p=4254"},"modified":"2025-03-11T14:39:36","modified_gmt":"2025-03-11T14:39:36","slug":"la-disputa-por-las-regalias-de-joan-sebastian-quien-se-quedara-con-el-dinero","status":"publish","type":"post","link":"https:\/\/elregionaldigital.info\/?p=4254","title":{"rendered":"La disputa por las regal\u00edas de Joan Sebasti\u00e1n: \u00bfqui\u00e9n se quedar\u00e1 con el dinero?"},"content":{"rendered":"\n<p><a href=\"https:\/\/laverdad.com.mx\/wp-content\/uploads\/2020\/07\/19-joan-sebastian-cruzando-al-mar.jpg\"><\/a><\/p>\n\n\n\n<p>A casi diez a\u00f1os de su fallecimiento, las millonarias regal\u00edas de Joan Sebasti\u00e1n a\u00fan est\u00e1n atrapadas en una disputa legal entre sus herederos. El cantante, conocido como el \u201cPoeta del Pueblo\u201d, falleci\u00f3 en 2015, pero sus descendientes no han logrado cobrar ni un solo d\u00f3lar de las regal\u00edas generadas por su m\u00fasica en Estados Unidos.<\/p>\n\n\n\n<p>La causa de la demora radica en conflictos legales entre los reclamantes de los derechos sobre estos ingresos. En d\u00edas recientes, se revel\u00f3 que&nbsp;<strong>Marco Chac\u00f3n<\/strong>, esposo de Maribel Guardia, ha sido se\u00f1alado como representante legal del hijo de Juli\u00e1n Figueroa, nieto del cantante, aunque no como beneficiario de las regal\u00edas, lo que gener\u00f3 confusi\u00f3n.<\/p>\n\n\n\n<p>Por otro lado,&nbsp;<strong>Imelda Garza Tu\u00f1\u00f3n<\/strong>, viuda de Juli\u00e1n Figueroa, tambi\u00e9n nombr\u00f3 a un representante legal en Estados Unidos para velar por los intereses de su hijo. Mientras tanto,&nbsp;<strong>Erika Alonso<\/strong>, madre de una de las hijas menores de Joan Sebasti\u00e1n, asumi\u00f3 el control de los bienes del cantante en ese pa\u00eds desde 2022. Sin embargo, su gesti\u00f3n ha sido cuestionada, con algunas voces pidiendo su destituci\u00f3n debido a que expres\u00f3 su deseo de renunciar a su cargo como albacea.<\/p>\n\n\n\n<p>El juicio parec\u00eda estar cerca de resolverse, pero nuevos obst\u00e1culos legales han retrasado a\u00fan m\u00e1s el proceso, dejando a los herederos sin acceso a las regal\u00edas del cantante.<\/p>\n","protected":false},"excerpt":{"rendered":"<p>A casi diez a\u00f1os de su fallecimiento, las millonarias regal\u00edas de Joan Sebasti\u00e1n a\u00fan est\u00e1n atrapadas en una disputa legal entre sus herederos. El cantante, conocido como el \u201cPoeta del Pueblo\u201d, falleci\u00f3 en 2015, pero sus descendientes no han logrado cobrar ni un solo d\u00f3lar de las regal\u00edas generadas por su m\u00fasica en Estados Unidos. [&hellip;]<\/p>\n","protected":false},"author":1,"featured_media":4255,"comment_status":"open","ping_status":"open","sticky":false,"template":"","format":"standard","meta":{"footnotes":""},"categories":[3],"tags":[],"class_list":["post-4254","post","type-post","status-publish","format-standard","has-post-thumbnail","hentry","category-entretenimiento"],"blog_post_layout_featured_media_urls":{"thumbnail":["https:\/\/elregionaldigital.info\/wp-content\/uploads\/2025\/03\/19-joan-sebastian-cruzando-al-mar-150x150.jpg",150,150,true],"full":["https:\/\/elregionaldigital.info\/wp-content\/uploads\/2025\/03\/19-joan-sebastian-cruzando-al-mar.jpg",600,379,false]},"categories_names":{"3":{"name":"Entretenimiento","link":"https:\/\/elregionaldigital.info\/?cat=3"}},"tags_names":[],"comments_number":"0","wpmagazine_modules_lite_featured_media_urls":{"thumbnail":["https:\/\/elregionaldigital.info\/wp-content\/uploads\/2025\/03\/19-joan-sebastian-cruzando-al-mar-150x150.jpg",150,150,true],"cvmm-medium":["https:\/\/elregionaldigital.info\/wp-content\/uploads\/2025\/03\/19-joan-sebastian-cruzando-al-mar-300x300.jpg",300,300,true],"cvmm-medium-plus":["https:\/\/elregionaldigital.info\/wp-content\/uploads\/2025\/03\/19-joan-sebastian-cruzando-al-mar-305x207.jpg",305,207,true],"cvmm-portrait":["https:\/\/elregionaldigital.info\/wp-content\/uploads\/2025\/03\/19-joan-sebastian-cruzando-al-mar-400x379.jpg",400,379,true],"cvmm-medium-square":["https:\/\/elregionaldigital.info\/wp-content\/uploads\/2025\/03\/19-joan-sebastian-cruzando-al-mar.jpg",600,379,false],"cvmm-large":["https:\/\/elregionaldigital.info\/wp-content\/uploads\/2025\/03\/19-joan-sebastian-cruzando-al-mar.jpg",600,379,false],"cvmm-small":["https:\/\/elregionaldigital.info\/wp-content\/uploads\/2025\/03\/19-joan-sebastian-cruzando-al-mar-130x95.jpg",130,95,true],"full":["https:\/\/elregionaldigital.info\/wp-content\/uploads\/2025\/03\/19-joan-sebastian-cruzando-al-mar.jpg",600,379,false]},"_links":{"self":[{"href":"https:\/\/elregionaldigital.info\/index.php?rest_route=\/wp\/v2\/posts\/4254","targetHints":{"allow":["GET"]}}],"collection":[{"href":"https:\/\/elregionaldigital.info\/index.php?rest_route=\/wp\/v2\/posts"}],"about":[{"href":"https:\/\/elregionaldigital.info\/index.php?rest_route=\/wp\/v2\/types\/post"}],"author":[{"embeddable":true,"href":"https:\/\/elregionaldigital.info\/index.php?rest_route=\/wp\/v2\/users\/1"}],"replies":[{"embeddable":true,"href":"https:\/\/elregionaldigital.info\/index.php?rest_route=%2Fwp%2Fv2%2Fcomments&post=4254"}],"version-history":[{"count":1,"href":"https:\/\/elregionaldigital.info\/index.php?rest_route=\/wp\/v2\/posts\/4254\/revisions"}],"predecessor-version":[{"id":4256,"href":"https:\/\/elregionaldigital.info\/index.php?rest_route=\/wp\/v2\/posts\/4254\/revisions\/4256"}],"wp:featuredmedia":[{"embeddable":true,"href":"https:\/\/elregionaldigital.info\/index.php?rest_route=\/wp\/v2\/media\/4255"}],"wp:attachment":[{"href":"https:\/\/elregionaldigital.info\/index.php?rest_route=%2Fwp%2Fv2%2Fmedia&parent=4254"}],"wp:term":[{"taxonomy":"category","embeddable":true,"href":"https:\/\/elregionaldigital.info\/index.php?rest_route=%2Fwp%2Fv2%2Fcategories&post=4254"},{"taxonomy":"post_tag","embeddable":true,"href":"https:\/\/elregionaldigital.info\/index.php?rest_route=%2Fwp%2Fv2%2Ftags&post=4254"}],"curies":[{"name":"wp","href":"https:\/\/api.w.org\/{rel}","templated":true}]}}