{"id":4248,"date":"2025-03-08T14:37:35","date_gmt":"2025-03-08T14:37:35","guid":{"rendered":"https:\/\/elregionaldigital.info\/?p=4248"},"modified":"2025-03-11T14:38:02","modified_gmt":"2025-03-11T14:38:02","slug":"pumas-de-la-unam-remonta-y-se-impone-3-1-al-puebla","status":"publish","type":"post","link":"https:\/\/elregionaldigital.info\/?p=4248","title":{"rendered":"Pumas de la UNAM remonta y se impone 3-1 al Puebla"},"content":{"rendered":"\n<p><a href=\"https:\/\/laverdad.com.mx\/wp-content\/uploads\/2025\/03\/7pumas.webp\"><\/a><\/p>\n\n\n\n<p>Pumas remont\u00f3 a Puebla (1-3) y sum\u00f3 un nuevo triunfo en el Clausura 2025 de la Liga MX. Con este resultado, la escuadra universitaria alcanz\u00f3 los 14 puntos, sin embargo, se mantiene fuera de los puestos de Play in por diferencia de goles; La Franja es 16\u00b0.<\/p>\n\n\n\n<p>En el inicio del encuentro disputado en la cancha del Estadio Cuauht\u00e9moc, Puebla tom\u00f3 la iniciativa y fue al frente, ocasionando el error en un rechace de \u00c1lex Padilla. Para fortuna de la escuadra Camotera, Facundo Waller se encontraba dentro del \u00e1rea y remat\u00f3 a primer poste, estremeciendo las redes y poniendo por delante a los locales apenas en el minuto 10 (1-0).<\/p>\n\n\n\n<p>Los locales se mantuvieron yendo al frente y poniendo en aprietos a la escuadra del Pedregal, sin embargo, una doble amonestaci\u00f3n de Brayan Angulo complicar\u00eda el tr\u00e1mite del encuentro para La Franja (45+1\u2019).<\/p>\n\n\n\n<p>Efra\u00edn Ju\u00e1rez, en su primer partido dirigido en Liga MX, le dio minutos de juego a Leonardo Su\u00e1rez \u2013quien regresaba de lesi\u00f3n- y pr\u00e1cticamente de inmediato, Piero Quispe empalmar\u00eda un bal\u00f3n con la pierna derecha para vencer a \u2018Wacho\u2019 Jim\u00e9nez y celebrar la anotaci\u00f3n del empate (1-1 al 59\u2019).<\/p>\n\n\n\n<p>Con media hora por delante, Pumas se convirti\u00f3 en amo y se\u00f1or del compromiso en el Estadio Cuauht\u00e9moc y comenz\u00f3 a avasallar el arco rival.<\/p>\n\n\n\n<p>Fue en el minuto 75, luego de tocar un par de veces el arco rival, cuando \u2018Wacho\u2019 Jim\u00e9nez concedi\u00f3 un rebote en el \u00e1rea chica para que \u2018Memote\u2019 Mart\u00ednez definiera de primera intenci\u00f3n y consumara la remontada en favor de los del Pedregal (1-2).<\/p>\n\n\n\n<p>La din\u00e1mica se modific\u00f3 y Puebla \u2018rompi\u00f3 lanzas\u2019 en busca del empate, por lo que Pumas aprovech\u00f3 los espacios concedidos y Al\u00ed \u00c1vila sentenci\u00f3 el compromiso en un contragolpe que inicialmente hab\u00eda sido marcado como fuera de juego (1-3).<\/p>\n\n\n\n<p>Durante la Jornada 12, Pumas volver\u00e1 a la capital del pa\u00eds para medirse a Rayados de Monterrey, mientras que Puebla intentar\u00e1 sacudirse este nuevo descalabro en el Clausura 2025 cuando reciba a los Diablos Rojos del Toluca.<\/p>\n","protected":false},"excerpt":{"rendered":"<p>Pumas remont\u00f3 a Puebla (1-3) y sum\u00f3 un nuevo triunfo en el Clausura 2025 de la Liga MX. Con este resultado, la escuadra universitaria alcanz\u00f3 los 14 puntos, sin embargo, se mantiene fuera de los puestos de Play in por diferencia de goles; La Franja es 16\u00b0. En el inicio del encuentro disputado en la [&hellip;]<\/p>\n","protected":false},"author":1,"featured_media":4249,"comment_status":"open","ping_status":"open","sticky":false,"template":"","format":"standard","meta":{"footnotes":""},"categories":[6],"tags":[],"class_list":["post-4248","post","type-post","status-publish","format-standard","has-post-thumbnail","hentry","category-deportes"],"blog_post_layout_featured_media_urls":{"thumbnail":["https:\/\/elregionaldigital.info\/wp-content\/uploads\/2025\/03\/7pumas-750x563-2-150x150.webp",150,150,true],"full":["https:\/\/elregionaldigital.info\/wp-content\/uploads\/2025\/03\/7pumas-750x563-2.webp",750,563,false]},"categories_names":{"6":{"name":"Deportes","link":"https:\/\/elregionaldigital.info\/?cat=6"}},"tags_names":[],"comments_number":"0","wpmagazine_modules_lite_featured_media_urls":{"thumbnail":["https:\/\/elregionaldigital.info\/wp-content\/uploads\/2025\/03\/7pumas-750x563-2-150x150.webp",150,150,true],"cvmm-medium":["https:\/\/elregionaldigital.info\/wp-content\/uploads\/2025\/03\/7pumas-750x563-2-300x300.webp",300,300,true],"cvmm-medium-plus":["https:\/\/elregionaldigital.info\/wp-content\/uploads\/2025\/03\/7pumas-750x563-2-305x207.webp",305,207,true],"cvmm-portrait":["https:\/\/elregionaldigital.info\/wp-content\/uploads\/2025\/03\/7pumas-750x563-2-400x563.webp",400,563,true],"cvmm-medium-square":["https:\/\/elregionaldigital.info\/wp-content\/uploads\/2025\/03\/7pumas-750x563-2-600x563.webp",600,563,true],"cvmm-large":["https:\/\/elregionaldigital.info\/wp-content\/uploads\/2025\/03\/7pumas-750x563-2.webp",750,563,false],"cvmm-small":["https:\/\/elregionaldigital.info\/wp-content\/uploads\/2025\/03\/7pumas-750x563-2-130x95.webp",130,95,true],"full":["https:\/\/elregionaldigital.info\/wp-content\/uploads\/2025\/03\/7pumas-750x563-2.webp",750,563,false]},"_links":{"self":[{"href":"https:\/\/elregionaldigital.info\/index.php?rest_route=\/wp\/v2\/posts\/4248","targetHints":{"allow":["GET"]}}],"collection":[{"href":"https:\/\/elregionaldigital.info\/index.php?rest_route=\/wp\/v2\/posts"}],"about":[{"href":"https:\/\/elregionaldigital.info\/index.php?rest_route=\/wp\/v2\/types\/post"}],"author":[{"embeddable":true,"href":"https:\/\/elregionaldigital.info\/index.php?rest_route=\/wp\/v2\/users\/1"}],"replies":[{"embeddable":true,"href":"https:\/\/elregionaldigital.info\/index.php?rest_route=%2Fwp%2Fv2%2Fcomments&post=4248"}],"version-history":[{"count":1,"href":"https:\/\/elregionaldigital.info\/index.php?rest_route=\/wp\/v2\/posts\/4248\/revisions"}],"predecessor-version":[{"id":4250,"href":"https:\/\/elregionaldigital.info\/index.php?rest_route=\/wp\/v2\/posts\/4248\/revisions\/4250"}],"wp:featuredmedia":[{"embeddable":true,"href":"https:\/\/elregionaldigital.info\/index.php?rest_route=\/wp\/v2\/media\/4249"}],"wp:attachment":[{"href":"https:\/\/elregionaldigital.info\/index.php?rest_route=%2Fwp%2Fv2%2Fmedia&parent=4248"}],"wp:term":[{"taxonomy":"category","embeddable":true,"href":"https:\/\/elregionaldigital.info\/index.php?rest_route=%2Fwp%2Fv2%2Fcategories&post=4248"},{"taxonomy":"post_tag","embeddable":true,"href":"https:\/\/elregionaldigital.info\/index.php?rest_route=%2Fwp%2Fv2%2Ftags&post=4248"}],"curies":[{"name":"wp","href":"https:\/\/api.w.org\/{rel}","templated":true}]}}