{"id":4245,"date":"2025-03-07T14:36:44","date_gmt":"2025-03-07T14:36:44","guid":{"rendered":"https:\/\/elregionaldigital.info\/?p=4245"},"modified":"2025-03-11T14:37:08","modified_gmt":"2025-03-11T14:37:08","slug":"secretaria-de-economia-y-asociaciones-empresariales-de-nuevo-laredo-fortalecen-trabajo-conjunto","status":"publish","type":"post","link":"https:\/\/elregionaldigital.info\/?p=4245","title":{"rendered":"Secretar\u00eda de Econom\u00eda y asociaciones empresariales de Nuevo Laredo fortalecen trabajo conjunto"},"content":{"rendered":"\n<p><a href=\"https:\/\/laverdad.com.mx\/wp-content\/uploads\/2025\/03\/6index.jpg\"><\/a><\/p>\n\n\n\n<p>Nuevo Laredo, Tamaulipas.- Como parte de las acciones en marcha para fortalecer la actividad econ\u00f3mica de Tamaulipas ante la coyuntura comercial en Norteam\u00e9rica, la secretaria de Econom\u00eda, Ninfa Cant\u00fa De\u00e1ndar y asociaciones empresariales de Nuevo Laredo acordaron fortalecer el trabajo conjunto.<\/p>\n\n\n\n<p>La titular de la dependencia estatal llev\u00f3 a cabo reuniones de trabajo con empresarios neolaredenses integrantes de la Asociaci\u00f3n de Agentes Aduanales encabezada por su presidente Jos\u00e9 Ignacio Zaragoza; la Asociaci\u00f3n de Maquiladoras de Exportaci\u00f3n que encabeza Enrique Mor\u00e1n y Coparmex, presidida por Erika Talam\u00e1s.<\/p>\n\n\n\n<p>Cant\u00fa De\u00e1ndar dijo que el di\u00e1logo y la coordinaci\u00f3n con las asociaciones empresariales forma parte de la estrategia para proteger la competitividad de los sectores estrat\u00e9gicos y fortalecer las actividades productivas de la industria establecida.<\/p>\n\n\n\n<p>\u201cEl gobernador Am\u00e9rico Villarreal nos instruy\u00f3 a mantener el di\u00e1logo con los sectores productivos de Tamaulipas ante la situaci\u00f3n comercial entre M\u00e9xico, Estados Unidos y Canad\u00e1 y es por ello que estamos hoy en Nuevo Laredo y despu\u00e9s nos reuniremos con las asociaciones empresariales del resto del estado. La coyuntura nos exige mantener la unidad y la coordinaci\u00f3n para proteger el desarrollo econ\u00f3mico y el bienestar\u201d.<\/p>\n\n\n\n<p>Durante los encuentros, Cant\u00fa De\u00e1ndar escuch\u00f3 planteamientos y requerimientos de las y los empresarios de diferentes sectores y junto con su equipo de trabajo puso a disposici\u00f3n, los diferentes instrumentos del gobierno de Tamaulipas para impulsar el desarrollo de las MiPYMEs como los programas \u201cHecho en Tamaulipas\u201d Cr\u00e9ditos del Fondo Tamaulipas, \u201cTamaulipas Exporta\u201d y \u201cTamaulipas, tu mejor inversi\u00f3n\u201d.<\/p>\n","protected":false},"excerpt":{"rendered":"<p>Nuevo Laredo, Tamaulipas.- Como parte de las acciones en marcha para fortalecer la actividad econ\u00f3mica de Tamaulipas ante la coyuntura comercial en Norteam\u00e9rica, la secretaria de Econom\u00eda, Ninfa Cant\u00fa De\u00e1ndar y asociaciones empresariales de Nuevo Laredo acordaron fortalecer el trabajo conjunto. La titular de la dependencia estatal llev\u00f3 a cabo reuniones de trabajo con empresarios [&hellip;]<\/p>\n","protected":false},"author":1,"featured_media":4246,"comment_status":"open","ping_status":"open","sticky":false,"template":"","format":"standard","meta":{"footnotes":""},"categories":[2],"tags":[],"class_list":["post-4245","post","type-post","status-publish","format-standard","has-post-thumbnail","hentry","category-tamaulipas"],"blog_post_layout_featured_media_urls":{"thumbnail":["https:\/\/elregionaldigital.info\/wp-content\/uploads\/2025\/03\/6index-750x501-1-150x150.jpg",150,150,true],"full":["https:\/\/elregionaldigital.info\/wp-content\/uploads\/2025\/03\/6index-750x501-1.jpg",750,501,false]},"categories_names":{"2":{"name":"Tamaulipas","link":"https:\/\/elregionaldigital.info\/?cat=2"}},"tags_names":[],"comments_number":"0","wpmagazine_modules_lite_featured_media_urls":{"thumbnail":["https:\/\/elregionaldigital.info\/wp-content\/uploads\/2025\/03\/6index-750x501-1-150x150.jpg",150,150,true],"cvmm-medium":["https:\/\/elregionaldigital.info\/wp-content\/uploads\/2025\/03\/6index-750x501-1-300x300.jpg",300,300,true],"cvmm-medium-plus":["https:\/\/elregionaldigital.info\/wp-content\/uploads\/2025\/03\/6index-750x501-1-305x207.jpg",305,207,true],"cvmm-portrait":["https:\/\/elregionaldigital.info\/wp-content\/uploads\/2025\/03\/6index-750x501-1-400x501.jpg",400,501,true],"cvmm-medium-square":["https:\/\/elregionaldigital.info\/wp-content\/uploads\/2025\/03\/6index-750x501-1-600x501.jpg",600,501,true],"cvmm-large":["https:\/\/elregionaldigital.info\/wp-content\/uploads\/2025\/03\/6index-750x501-1.jpg",750,501,false],"cvmm-small":["https:\/\/elregionaldigital.info\/wp-content\/uploads\/2025\/03\/6index-750x501-1-130x95.jpg",130,95,true],"full":["https:\/\/elregionaldigital.info\/wp-content\/uploads\/2025\/03\/6index-750x501-1.jpg",750,501,false]},"_links":{"self":[{"href":"https:\/\/elregionaldigital.info\/index.php?rest_route=\/wp\/v2\/posts\/4245","targetHints":{"allow":["GET"]}}],"collection":[{"href":"https:\/\/elregionaldigital.info\/index.php?rest_route=\/wp\/v2\/posts"}],"about":[{"href":"https:\/\/elregionaldigital.info\/index.php?rest_route=\/wp\/v2\/types\/post"}],"author":[{"embeddable":true,"href":"https:\/\/elregionaldigital.info\/index.php?rest_route=\/wp\/v2\/users\/1"}],"replies":[{"embeddable":true,"href":"https:\/\/elregionaldigital.info\/index.php?rest_route=%2Fwp%2Fv2%2Fcomments&post=4245"}],"version-history":[{"count":1,"href":"https:\/\/elregionaldigital.info\/index.php?rest_route=\/wp\/v2\/posts\/4245\/revisions"}],"predecessor-version":[{"id":4247,"href":"https:\/\/elregionaldigital.info\/index.php?rest_route=\/wp\/v2\/posts\/4245\/revisions\/4247"}],"wp:featuredmedia":[{"embeddable":true,"href":"https:\/\/elregionaldigital.info\/index.php?rest_route=\/wp\/v2\/media\/4246"}],"wp:attachment":[{"href":"https:\/\/elregionaldigital.info\/index.php?rest_route=%2Fwp%2Fv2%2Fmedia&parent=4245"}],"wp:term":[{"taxonomy":"category","embeddable":true,"href":"https:\/\/elregionaldigital.info\/index.php?rest_route=%2Fwp%2Fv2%2Fcategories&post=4245"},{"taxonomy":"post_tag","embeddable":true,"href":"https:\/\/elregionaldigital.info\/index.php?rest_route=%2Fwp%2Fv2%2Ftags&post=4245"}],"curies":[{"name":"wp","href":"https:\/\/api.w.org\/{rel}","templated":true}]}}