{"id":4242,"date":"2025-03-06T14:35:51","date_gmt":"2025-03-06T14:35:51","guid":{"rendered":"https:\/\/elregionaldigital.info\/?p=4242"},"modified":"2025-03-11T14:36:19","modified_gmt":"2025-03-11T14:36:19","slug":"acapulco-registra-ocupacion-hotelera-superior-al-82-durante-el-fin-de-semana","status":"publish","type":"post","link":"https:\/\/elregionaldigital.info\/?p=4242","title":{"rendered":"Acapulco registra ocupaci\u00f3n hotelera superior al 82 % durante el fin de semana"},"content":{"rendered":"\n<p><a href=\"https:\/\/laverdad.com.mx\/wp-content\/uploads\/2025\/03\/acapulco-ocupacion.jpg\"><\/a><\/p>\n\n\n\n<p>El estado de Guerrero registr\u00f3 este domingo una ocupaci\u00f3n hotelera promedio del 77.2 %, reflejando una tendencia positiva en la llegada de turistas a sus principales destinos.<\/p>\n\n\n\n<p>Acapulco destac\u00f3 con un 82.8 % de ocupaci\u00f3n hotelera, consolid\u00e1ndose como uno de los sitios m\u00e1s visitados tanto por turistas nacionales como internacionales. Por su parte, Ixtapa-Zihuatanejo report\u00f3 una ocupaci\u00f3n del 75.7 %, mientras que Taxco de Alarc\u00f3n alcanz\u00f3 el 50.2 %.<\/p>\n\n\n\n<p>La administraci\u00f3n estatal, encabezada por la gobernadora Evelyn Salgado, a trav\u00e9s de la Secretar\u00eda de Turismo de Guerrero, busca fortalecer la promoci\u00f3n de los destinos tur\u00edsticos mediante estrategias como la creaci\u00f3n de una agenda tur\u00edstica, difusi\u00f3n a nivel nacional e internacional y la profesionalizaci\u00f3n del sector hotelero y gastron\u00f3mico.<\/p>\n\n\n\n<p>Adem\u00e1s, se impulsa la difusi\u00f3n de la riqueza natural, cultural y gastron\u00f3mica del estado, con el objetivo de consolidar a Guerrero como un referente tur\u00edstico a nivel nacional e internacional.<\/p>\n","protected":false},"excerpt":{"rendered":"<p>El estado de Guerrero registr\u00f3 este domingo una ocupaci\u00f3n hotelera promedio del 77.2 %, reflejando una tendencia positiva en la llegada de turistas a sus principales destinos. Acapulco destac\u00f3 con un 82.8 % de ocupaci\u00f3n hotelera, consolid\u00e1ndose como uno de los sitios m\u00e1s visitados tanto por turistas nacionales como internacionales. Por su parte, Ixtapa-Zihuatanejo report\u00f3 [&hellip;]<\/p>\n","protected":false},"author":1,"featured_media":4243,"comment_status":"open","ping_status":"open","sticky":false,"template":"","format":"standard","meta":{"footnotes":""},"categories":[5],"tags":[],"class_list":["post-4242","post","type-post","status-publish","format-standard","has-post-thumbnail","hentry","category-nacional"],"blog_post_layout_featured_media_urls":{"thumbnail":["https:\/\/elregionaldigital.info\/wp-content\/uploads\/2025\/03\/acapulco-ocupacion-750x450-1-150x150.jpg",150,150,true],"full":["https:\/\/elregionaldigital.info\/wp-content\/uploads\/2025\/03\/acapulco-ocupacion-750x450-1.jpg",750,450,false]},"categories_names":{"5":{"name":"Nacional","link":"https:\/\/elregionaldigital.info\/?cat=5"}},"tags_names":[],"comments_number":"0","wpmagazine_modules_lite_featured_media_urls":{"thumbnail":["https:\/\/elregionaldigital.info\/wp-content\/uploads\/2025\/03\/acapulco-ocupacion-750x450-1-150x150.jpg",150,150,true],"cvmm-medium":["https:\/\/elregionaldigital.info\/wp-content\/uploads\/2025\/03\/acapulco-ocupacion-750x450-1-300x300.jpg",300,300,true],"cvmm-medium-plus":["https:\/\/elregionaldigital.info\/wp-content\/uploads\/2025\/03\/acapulco-ocupacion-750x450-1-305x207.jpg",305,207,true],"cvmm-portrait":["https:\/\/elregionaldigital.info\/wp-content\/uploads\/2025\/03\/acapulco-ocupacion-750x450-1-400x450.jpg",400,450,true],"cvmm-medium-square":["https:\/\/elregionaldigital.info\/wp-content\/uploads\/2025\/03\/acapulco-ocupacion-750x450-1-600x450.jpg",600,450,true],"cvmm-large":["https:\/\/elregionaldigital.info\/wp-content\/uploads\/2025\/03\/acapulco-ocupacion-750x450-1.jpg",750,450,false],"cvmm-small":["https:\/\/elregionaldigital.info\/wp-content\/uploads\/2025\/03\/acapulco-ocupacion-750x450-1-130x95.jpg",130,95,true],"full":["https:\/\/elregionaldigital.info\/wp-content\/uploads\/2025\/03\/acapulco-ocupacion-750x450-1.jpg",750,450,false]},"_links":{"self":[{"href":"https:\/\/elregionaldigital.info\/index.php?rest_route=\/wp\/v2\/posts\/4242","targetHints":{"allow":["GET"]}}],"collection":[{"href":"https:\/\/elregionaldigital.info\/index.php?rest_route=\/wp\/v2\/posts"}],"about":[{"href":"https:\/\/elregionaldigital.info\/index.php?rest_route=\/wp\/v2\/types\/post"}],"author":[{"embeddable":true,"href":"https:\/\/elregionaldigital.info\/index.php?rest_route=\/wp\/v2\/users\/1"}],"replies":[{"embeddable":true,"href":"https:\/\/elregionaldigital.info\/index.php?rest_route=%2Fwp%2Fv2%2Fcomments&post=4242"}],"version-history":[{"count":1,"href":"https:\/\/elregionaldigital.info\/index.php?rest_route=\/wp\/v2\/posts\/4242\/revisions"}],"predecessor-version":[{"id":4244,"href":"https:\/\/elregionaldigital.info\/index.php?rest_route=\/wp\/v2\/posts\/4242\/revisions\/4244"}],"wp:featuredmedia":[{"embeddable":true,"href":"https:\/\/elregionaldigital.info\/index.php?rest_route=\/wp\/v2\/media\/4243"}],"wp:attachment":[{"href":"https:\/\/elregionaldigital.info\/index.php?rest_route=%2Fwp%2Fv2%2Fmedia&parent=4242"}],"wp:term":[{"taxonomy":"category","embeddable":true,"href":"https:\/\/elregionaldigital.info\/index.php?rest_route=%2Fwp%2Fv2%2Fcategories&post=4242"},{"taxonomy":"post_tag","embeddable":true,"href":"https:\/\/elregionaldigital.info\/index.php?rest_route=%2Fwp%2Fv2%2Ftags&post=4242"}],"curies":[{"name":"wp","href":"https:\/\/api.w.org\/{rel}","templated":true}]}}