{"id":4236,"date":"2025-03-10T23:50:35","date_gmt":"2025-03-10T23:50:35","guid":{"rendered":"https:\/\/elregionaldigital.info\/?p=4236"},"modified":"2025-03-10T23:50:36","modified_gmt":"2025-03-10T23:50:36","slug":"impulsa-la-uat-proyecto-para-la-formacion-bilingue-en-el-bachillerato","status":"publish","type":"post","link":"https:\/\/elregionaldigital.info\/?p=4236","title":{"rendered":"Impulsa la UAT proyecto para la formaci\u00f3n biling\u00fce en el bachillerato"},"content":{"rendered":"\n<p><br>Con el objetivo de elevar la calidad de la educaci\u00f3n media superior y promover la<br>internacionalizaci\u00f3n del aprendizaje, la Universidad Aut\u00f3noma de Tamaulipas (UAT)<br>implementar\u00e1 estrategias innovadoras que integrar\u00e1n mejoras en la ense\u00f1anza del idioma<br>ingl\u00e9s y la optimizaci\u00f3n de sus programas acad\u00e9micos.<br>En entrevista con medios informativos, el rector de la UAT, D\u00e1maso Anaya Alvarado resalt\u00f3<br>el compromiso institucional de fortalecer este rubro de la educaci\u00f3n, con un especial \u00e9nfasis<br>en la formaci\u00f3n biling\u00fce para estudiantes de bachillerato.<br>Explic\u00f3 que, en colaboraci\u00f3n con la Secretar\u00eda de Educaci\u00f3n de Tamaulipas, se trabaja en las<br>estrategias orientadas a mejorar la calidad educativa y ampliar las oportunidades para la<br>juventud estudiantil.<br>Dentro de las acciones prioritarias, destac\u00f3 que la UAT impulsar\u00e1 la evaluaci\u00f3n y<br>capacitaci\u00f3n de m\u00e1s de 2,700 maestros que imparten la asignatura de idioma ingl\u00e9s,<br>mediante la participaci\u00f3n de la Facultad de Ciencias de la Educaci\u00f3n y Humanidades y el<br>Centro Universitario de Idiomas.<br>Puntualiz\u00f3 que la formaci\u00f3n docente se ver\u00e1 fortalecida con la Licenciatura en Ling\u00fc\u00edstica<br>Aplicada, que se encuentra en proceso de reacreditaci\u00f3n por el Comit\u00e9 de Evaluaci\u00f3n de la<br>Asociaci\u00f3n para la Acreditaci\u00f3n y Certificaci\u00f3n en Ciencias Sociales (ACCESISO).<br>D\u00e1maso Anaya destac\u00f3 que la UAT cuenta actualmente con cinco escuelas de bachillerato<br>propias y cincuenta preparatorias incorporadas; adem\u00e1s, con el apoyo de los municipios, se<br>busca ampliar su cobertura. Al mismo tiempo, en colaboraci\u00f3n con la Secretar\u00eda de<br>Educaci\u00f3n, se eval\u00faa la viabilidad de abrir m\u00e1s programas de bachillerato para responder a<br>la creciente demanda educativa en el estado.<br>Agreg\u00f3 el rector que, con el fin de fortalecer la preparaci\u00f3n acad\u00e9mica de los estudiantes<br>que ingresan a la Universidad, se analizan estrategias para optimizar los planes de estudio<br>de bachillerato, mediante la implementaci\u00f3n de innovaciones pedag\u00f3gicas, el uso de<br>tecnolog\u00edas de la informaci\u00f3n y la ampliaci\u00f3n de tutor\u00edas especializadas.<\/p>\n","protected":false},"excerpt":{"rendered":"<p>Con el objetivo de elevar la calidad de la educaci\u00f3n media superior y promover lainternacionalizaci\u00f3n del aprendizaje, la Universidad Aut\u00f3noma de Tamaulipas (UAT)implementar\u00e1 estrategias innovadoras que integrar\u00e1n mejoras en la ense\u00f1anza del idiomaingl\u00e9s y la optimizaci\u00f3n de sus programas acad\u00e9micos.En entrevista con medios informativos, el rector de la UAT, D\u00e1maso Anaya Alvarado resalt\u00f3el compromiso institucional [&hellip;]<\/p>\n","protected":false},"author":1,"featured_media":4237,"comment_status":"open","ping_status":"open","sticky":false,"template":"","format":"standard","meta":{"footnotes":""},"categories":[4],"tags":[],"class_list":["post-4236","post","type-post","status-publish","format-standard","has-post-thumbnail","hentry","category-universidades"],"blog_post_layout_featured_media_urls":{"thumbnail":["https:\/\/elregionaldigital.info\/wp-content\/uploads\/2025\/03\/WhatsApp-Image-2025-03-10-at-4.21.45-PM-150x150.jpeg",150,150,true],"full":["https:\/\/elregionaldigital.info\/wp-content\/uploads\/2025\/03\/WhatsApp-Image-2025-03-10-at-4.21.45-PM.jpeg",1600,892,false]},"categories_names":{"4":{"name":"Universidades","link":"https:\/\/elregionaldigital.info\/?cat=4"}},"tags_names":[],"comments_number":"0","wpmagazine_modules_lite_featured_media_urls":{"thumbnail":["https:\/\/elregionaldigital.info\/wp-content\/uploads\/2025\/03\/WhatsApp-Image-2025-03-10-at-4.21.45-PM-150x150.jpeg",150,150,true],"cvmm-medium":["https:\/\/elregionaldigital.info\/wp-content\/uploads\/2025\/03\/WhatsApp-Image-2025-03-10-at-4.21.45-PM-300x300.jpeg",300,300,true],"cvmm-medium-plus":["https:\/\/elregionaldigital.info\/wp-content\/uploads\/2025\/03\/WhatsApp-Image-2025-03-10-at-4.21.45-PM-305x207.jpeg",305,207,true],"cvmm-portrait":["https:\/\/elregionaldigital.info\/wp-content\/uploads\/2025\/03\/WhatsApp-Image-2025-03-10-at-4.21.45-PM-400x600.jpeg",400,600,true],"cvmm-medium-square":["https:\/\/elregionaldigital.info\/wp-content\/uploads\/2025\/03\/WhatsApp-Image-2025-03-10-at-4.21.45-PM-600x600.jpeg",600,600,true],"cvmm-large":["https:\/\/elregionaldigital.info\/wp-content\/uploads\/2025\/03\/WhatsApp-Image-2025-03-10-at-4.21.45-PM-1024x892.jpeg",1024,892,true],"cvmm-small":["https:\/\/elregionaldigital.info\/wp-content\/uploads\/2025\/03\/WhatsApp-Image-2025-03-10-at-4.21.45-PM-130x95.jpeg",130,95,true],"full":["https:\/\/elregionaldigital.info\/wp-content\/uploads\/2025\/03\/WhatsApp-Image-2025-03-10-at-4.21.45-PM.jpeg",1600,892,false]},"_links":{"self":[{"href":"https:\/\/elregionaldigital.info\/index.php?rest_route=\/wp\/v2\/posts\/4236","targetHints":{"allow":["GET"]}}],"collection":[{"href":"https:\/\/elregionaldigital.info\/index.php?rest_route=\/wp\/v2\/posts"}],"about":[{"href":"https:\/\/elregionaldigital.info\/index.php?rest_route=\/wp\/v2\/types\/post"}],"author":[{"embeddable":true,"href":"https:\/\/elregionaldigital.info\/index.php?rest_route=\/wp\/v2\/users\/1"}],"replies":[{"embeddable":true,"href":"https:\/\/elregionaldigital.info\/index.php?rest_route=%2Fwp%2Fv2%2Fcomments&post=4236"}],"version-history":[{"count":1,"href":"https:\/\/elregionaldigital.info\/index.php?rest_route=\/wp\/v2\/posts\/4236\/revisions"}],"predecessor-version":[{"id":4238,"href":"https:\/\/elregionaldigital.info\/index.php?rest_route=\/wp\/v2\/posts\/4236\/revisions\/4238"}],"wp:featuredmedia":[{"embeddable":true,"href":"https:\/\/elregionaldigital.info\/index.php?rest_route=\/wp\/v2\/media\/4237"}],"wp:attachment":[{"href":"https:\/\/elregionaldigital.info\/index.php?rest_route=%2Fwp%2Fv2%2Fmedia&parent=4236"}],"wp:term":[{"taxonomy":"category","embeddable":true,"href":"https:\/\/elregionaldigital.info\/index.php?rest_route=%2Fwp%2Fv2%2Fcategories&post=4236"},{"taxonomy":"post_tag","embeddable":true,"href":"https:\/\/elregionaldigital.info\/index.php?rest_route=%2Fwp%2Fv2%2Ftags&post=4236"}],"curies":[{"name":"wp","href":"https:\/\/api.w.org\/{rel}","templated":true}]}}